{"id":32002,"date":"2018-11-15T20:22:02","date_gmt":"2018-11-15T19:22:02","guid":{"rendered":"http:\/\/e-anjelik.sk\/?p=32002"},"modified":"2018-11-15T20:22:02","modified_gmt":"2018-11-15T19:22:02","slug":"imrich-lukac-o-co-mi-islo","status":"publish","type":"post","link":"https:\/\/www.e-anjelik.sk\/index.php\/2018\/11\/15\/imrich-lukac-o-co-mi-islo\/","title":{"rendered":"Imrich Luk\u00e1\u010d: O \u010do mi i\u0161lo"},"content":{"rendered":"<p><b>Imrich Luk\u00e1\u010d \u2013 O \u010do mi i\u0161lo<\/b><\/p>\n<p><span class=\"Apple-converted-space\">\u00a0<\/span><\/p>\n<p>Vydavate\u013estvo Tranoscius, a. s., v okt\u00f3bri 2018 vydalo knihu, ktor\u00e1 bilancuje obdobie rokov 2012 \u2013 2018, ke\u010f doc. MUDr. Imrich Luk\u00e1\u010d, CSc., p\u00f4sobil vo funkcii gener\u00e1lneho dozorcu ECAV na Slovensku. Kniha je odpove\u010fou na ot\u00e1zku: \u201eO \u010do mi i\u0161lo?\u201c<\/p>\n<p>Publik\u00e1cia je rozdelen\u00e1 na \u0161tyri hlavn\u00e9 \u010dasti: rozhovory a I. Luk\u00e1\u010dom; jeho pr\u00edspevky k z\u00e1le\u017eitostiam, ktor\u00e9 h\u00fdbali cirkvou; pr\u00edspevky ku kauz\u00e1m od in\u00fdch autorov a napokon \u010das\u0165, v ktorej I. Luk\u00e1\u010d nazhroma\u017edil d\u00f4kazy svojich tvrden\u00ed. \u010citate\u013e tak m\u00e1 mo\u017enos\u0165 zozn\u00e1mi\u0165 sa s najp\u00e1l\u010divej\u0161\u00edmi probl\u00e9mami a krokmi k ich rie\u0161eniu, ktor\u00e9 sa I. Luk\u00e1\u010d ako gener\u00e1lny dozorca zodpovedn\u00fd za hospod\u00e1renie v cirkvi sna\u017eil vykona\u0165 pre vyrie\u0161enie k\u00e1uz a pre dobro na\u0161ej cirkvi. Knihu si m\u00f4\u017eete objedna\u0165 na adrese: <b>Tranoscius, a. s., Tranovsk\u00e9ho 1, 031 01 Liptovsk\u00fd Mikul\u00e1\u0161, tel. 044\/552 63 43, odbyt(at)tranoscius.sk.<\/b><\/p>\n<p><i>Edita \u0160kodov\u00e1, tajomn\u00ed\u010dka pre medi\u00e1lnu komunik\u00e1ciu, media(at)ecav.sk\u00a0|\u00a031.10.2018<\/i><\/p>\n","protected":false},"excerpt":{"rendered":"<p>Imrich Luk\u00e1\u010d \u2013 O \u010do mi i\u0161lo \u00a0 Vydavate\u013estvo Tranoscius, a. s., v okt\u00f3bri 2018 vydalo knihu, ktor\u00e1 bilancuje obdobie rokov 2012 \u2013 2018, ke\u010f doc. MUDr. Imrich Luk\u00e1\u010d, CSc., p\u00f4sobil vo funkcii gener\u00e1lneho dozorcu ECAV na Slovensku. Kniha je odpove\u010fou na ot\u00e1zku: \u201eO \u010do mi i\u0161lo?\u201c Publik\u00e1cia je rozdelen\u00e1 na \u0161tyri hlavn\u00e9 \u010dasti: rozhovory &#8230; <a title=\"Imrich Luk\u00e1\u010d: O \u010do mi i\u0161lo\" class=\"read-more\" href=\"https:\/\/www.e-anjelik.sk\/index.php\/2018\/11\/15\/imrich-lukac-o-co-mi-islo\/\" aria-label=\"Pre\u010d\u00edtajte si viac o Imrich Luk\u00e1\u010d: O \u010do mi i\u0161lo\">\u010c\u00edta\u0165 viac<\/a><\/p>\n","protected":false},"author":4,"featured_media":0,"comment_status":"open","ping_status":"open","sticky":false,"template":"","format":"standard","meta":{"footnotes":""},"categories":[193,513,37],"tags":[514],"class_list":["post-32002","post","type-post","status-publish","format-standard","hentry","category-co-pisu-ini","category-knihy","category-zivot-v-cirkvi","tag-knihy"],"_links":{"self":[{"href":"https:\/\/www.e-anjelik.sk\/index.php\/wp-json\/wp\/v2\/posts\/32002","targetHints":{"allow":["GET"]}}],"collection":[{"href":"https:\/\/www.e-anjelik.sk\/index.php\/wp-json\/wp\/v2\/posts"}],"about":[{"href":"https:\/\/www.e-anjelik.sk\/index.php\/wp-json\/wp\/v2\/types\/post"}],"author":[{"embeddable":true,"href":"https:\/\/www.e-anjelik.sk\/index.php\/wp-json\/wp\/v2\/users\/4"}],"replies":[{"embeddable":true,"href":"https:\/\/www.e-anjelik.sk\/index.php\/wp-json\/wp\/v2\/comments?post=32002"}],"version-history":[{"count":1,"href":"https:\/\/www.e-anjelik.sk\/index.php\/wp-json\/wp\/v2\/posts\/32002\/revisions"}],"predecessor-version":[{"id":32003,"href":"https:\/\/www.e-anjelik.sk\/index.php\/wp-json\/wp\/v2\/posts\/32002\/revisions\/32003"}],"wp:attachment":[{"href":"https:\/\/www.e-anjelik.sk\/index.php\/wp-json\/wp\/v2\/media?parent=32002"}],"wp:term":[{"taxonomy":"category","embeddable":true,"href":"https:\/\/www.e-anjelik.sk\/index.php\/wp-json\/wp\/v2\/categories?post=32002"},{"taxonomy":"post_tag","embeddable":true,"href":"https:\/\/www.e-anjelik.sk\/index.php\/wp-json\/wp\/v2\/tags?post=32002"}],"curies":[{"name":"wp","href":"https:\/\/api.w.org\/{rel}","templated":true}]}}