{"id":32005,"date":"2018-11-21T21:30:31","date_gmt":"2018-11-21T20:30:31","guid":{"rendered":"http:\/\/e-anjelik.sk\/?p=32005"},"modified":"2018-11-21T21:30:31","modified_gmt":"2018-11-21T20:30:31","slug":"myjava-v-jubilejnom-roku","status":"publish","type":"post","link":"https:\/\/www.e-anjelik.sk\/index.php\/2018\/11\/21\/myjava-v-jubilejnom-roku\/","title":{"rendered":"Myjava v jubilejnom roku"},"content":{"rendered":"<p><b>MYJAVA V JUBILEJNOM ROKU<\/b><\/p>\n<p>ZBOROV\u00dd DE\u0147 A VE\u010cERA P\u00c1NOVA V PRESBYTERSK\u00ddCH RODIN\u00c1CH<\/p>\n<p>Zborov\u00fd de\u0148 v myjavskom cirkevnom zbore, in\u0161pirovan\u00fd Di\u0161triktu\u00e1lnym d\u0148om V\u00fdchodn\u00e9ho di\u0161triktu bol v nede\u013eu 14.10.2018 venovan\u00fd pamiatke obet\u00ed fa\u0161izmu, holokaustu a komunizmu v na\u0161om evanjelickom regi\u00f3ne. Sl\u00e1vnostn\u00fdm kazate\u013eom bol emeritn\u00fd senior Bratislavsk\u00e9ho senior\u00e1tu Mgr. Miroslav J\u00e4ger, ktor\u00fd pouk\u00e1zal na ne\u013eudsk\u00e9 zaobch\u00e1dzanie re\u017eimov, ktor\u00e9 pozna\u010dili osudy mnoh\u00fdch rod\u00edn slova Bo\u017eieho kazate\u013eov i r\u00e1dov\u00fdch veriacich. Ing. Peter Ryb\u00e1r v pr\u00edhovore op\u00edsal doteraz nezverejnen\u00e9 \u00fatrapy svojho otca Ondreja Ryb\u00e1ra, far\u00e1ra v Hlbokom i v Soboti\u0161ti, jedn\u00e9ho z prv\u00fdch ods\u00faden\u00fdch v p\u00e4\u0165desiatych rokoch minul\u00e9ho storo\u010dia, za vern\u00fa slu\u017ebu k\u0148aza. Dom\u00e1ci far\u00e1r Samuel Mi\u0161iak spomenul pr\u00edbeh svojho otca, J\u00faliusa Daniela Mi\u0161iaka, vojensk\u00e9ho kapl\u00e1na &#8211; duchovn\u00e9ho v \u010dase druhej svetovej vojny, ktor\u00fd ako jedin\u00fd pre\u017eil partiz\u00e1nsku skupinu Sign\u00e1l, operuj\u00facu na Liptove. Na t\u00e9mu holokaust predniesla \u00faryvok z autobiografick\u00e9ho rom\u00e1nu Katar\u00edna ml\u00e1de\u017en\u00ed\u010dka Aur\u00e9lia Bolechov\u00e1. Kniha je svedectvom e\u0161te \u017eij\u00facej \u017eidovskej siroty Katrin Winter, zachr\u00e1nenej evanjelick\u00fdmi diakonisami v b\u00fdvalom myjavskom evanjelickom sirotinci Krmanov dom l\u00e1sky. Tohoro\u010dn\u00ed konfirmandi vytvorili projekty na t\u00e9mu holokaust, vystaven\u00e9 pri vstupe pod ve\u017eou, aby prich\u00e1dzaj\u00face gener\u00e1cie nezab\u00fadali na obete nevinn\u00fdch, ktor\u00fdch odkaz je mementom pre s\u00fa\u010dasnos\u0165 i bud\u00facnos\u0165.<span class=\"Apple-converted-space\">\u00a0<\/span><\/p>\n<p>V \u010fal\u0161ej \u010dasti predn\u00e1\u0161ky dom\u00e1ci far\u00e1r stru\u010dne spomenul osudy myjavsk\u00fdch \u017didov, ktor\u00ed a\u017e na p\u00e1r v\u00fdnimiek zahynuli v koncentra\u010dn\u00fdch t\u00e1boroch. Medzi prenasledovan\u00fdch za komunistick\u00e9ho re\u017eimu sa radia i rodiny niekdaj\u0161\u00edch myjavsk\u00fdch k\u0148azov Pavla Lacka, ThDr. J\u00faliusa Cibulku, Pavla Sklen\u00e1ra, Pavla \u0160krin\u00e1ra, kapl\u00e1nov J\u00faliusa Daniela Mi\u0161iaka, J\u00e1na \u010eurova, Branislava Kol\u00e9nyho a \u010fal\u0161\u00edch, ktor\u00ed v ne\u013eahkej dobe vl\u00e1dy ateizmu budovali hradby evanjelick\u00e9ho Siona. Na ich obete sa \u010dasto zab\u00fada, ba t\u00ed, \u010do by sa mali kaja\u0165, bojuj\u00fa namiesto dobr\u00e9ho boja viery o poz\u00edcie a napom\u00e1haj\u00fa rozkladaniu zovn\u00fatorn\u00e9ho i duchovn\u00e9ho \u00fasilia. Z\u00e1rove\u0148 v mesiaci \u00facty k star\u0161\u00edm sme si spomenuli na t\u00fdch, \u010do viac rokov pom\u00e1hali pri pr\u00e1cach na obnove kostola a ve\u017ee, re\u0161tituovan\u00fdch budov, z ktor\u00fd s\u00fa na kopaniciach zborov\u00e9 domy, ale najm\u00e4 vz\u0165ahov, ktor\u00ed v ne\u017ei\u010dlivej dobe skromne a s pokorou st\u00e1li pri svojich far\u00e1roch a spolo\u010dne bez n\u00e1roku na odmenu a uznanie pracovali na zve\u013eaden\u00ed hmotn\u00e9ho i duchovn\u00e9ho dedi\u010dstva na\u0161ich predkov.<\/p>\n<p>Prv\u00e1 novembrov\u00e1 nede\u013ea je ka\u017edoro\u010dne v myjavskom cirkevnom zbore pod\u013ea d\u00e1vnej trad\u00edcie tzv. Reforma\u010dn\u00e1 nede\u013ea s Ve\u010derou P\u00e1novou pre presbyterov a ich rodinn\u00fdch pr\u00edslu\u0161n\u00edkov. Ve\u010dera P\u00e1nova je akousi \u201el\u00fa\u010davkou kr\u00e1\u013eovskou\u201c viery a skuto\u010dn\u00e9ho vz\u0165ahu k cirkvi a k dom\u00e1cemu cirkevn\u00e9mu zboru. Tzv. \u201edemokracia\u201c uvo\u013enila br\u00e1ny, s mo\u017enos\u0165ou n\u00e1vratu aj do chr\u00e1mu Bo\u017eieho, \u017eia\u013e mnoh\u00fdch bez \u00faprimn\u00e9ho pok\u00e1nia. Te\u0161ili sme sa z entuziazmu, ktor\u00fd m\u00e1 v\u0161ak v tejto postmodernej dobe neraz \u00e9terick\u00e9 sklony vyprch\u00e1vania nielen nad\u0161enia, ale aj op\u00fa\u0161\u0165ania spolo\u010denstva, \u010dasto s v\u00fdhovorkami a s vyh\u013ead\u00e1van\u00edm smietky v oku bratovom, \u010di far\u00e1rovom&#8230;Ak aj niekto na\u0161iel (mo\u017eno) po rokoch op\u00e4\u0165 cestu do chr\u00e1mu, ke\u010f v\u0161ak nepr\u00edde k Ve\u010deri P\u00e1novej, ani jeho deti, vn\u00fa\u010dat\u00e1, potom re\u010di a in\u00e9 formy posudzovania \u00farovne duchovn\u00e9ho \u017eivota, \u010di dokonca \u00fadajn\u00e1 devast\u00e1cia, \u00fapadok zboru s\u00fa len vodou na mlyn tomu, ktor\u00fd ako star\u00fd nepriate\u013e zni\u010di\u0165 by n\u00e1s chcel! Na\u0161ou evanjelickou hymnou reform\u00e1tor Martin Luther pouk\u00e1zal na slabinu ortodoxie, ku ktorej sa hl\u00e1si aj Myjava, lebo podcenenie \u201epr\u00e1ce\u201c diabla je smrte\u013en\u00fdm nebezpe\u010denstvom a v s\u00fa\u010dasnej situ\u00e1cii cirkvi a spolo\u010dnosti to m\u00f4\u017ee ma\u0165 nedozierne n\u00e1sledky. Plat\u00ed v\u0161ak t\u00e9za, \u017ee spoznan\u00e9 smrte\u013en\u00e9 nebezpe\u010denstvo prest\u00e1va by\u0165 smrte\u013en\u00fdm&#8230; Augsbursk\u00e9 vyznanie v \u010dl\u00e1nku 13. O pou\u017e\u00edvan\u00ed sviatost\u00ed pripom\u00edna: \u201eNimi sa m\u00e1 vzbudi\u0165 a posil\u0148ova\u0165 na\u0161a viera. Preto aj vy\u017eaduj\u00fa vieru a vtedy sa spr\u00e1vne pou\u017e\u00edvaj\u00fa, ke\u010f ich s vierou prij\u00edmame a ke\u010f sa nimi viera posil\u0148uje.\u201c<\/p>\n<p><i>Samuel J\u00e1n Mi\u0161iak, CZ Myjava\u00a0|\u00a014.11.2018<\/i><\/p>\n","protected":false},"excerpt":{"rendered":"<p>MYJAVA V JUBILEJNOM ROKU ZBOROV\u00dd DE\u0147 A VE\u010cERA P\u00c1NOVA V PRESBYTERSK\u00ddCH RODIN\u00c1CH Zborov\u00fd de\u0148 v myjavskom cirkevnom zbore, in\u0161pirovan\u00fd Di\u0161triktu\u00e1lnym d\u0148om V\u00fdchodn\u00e9ho di\u0161triktu bol v nede\u013eu 14.10.2018 venovan\u00fd pamiatke obet\u00ed fa\u0161izmu, holokaustu a komunizmu v na\u0161om evanjelickom regi\u00f3ne. Sl\u00e1vnostn\u00fdm kazate\u013eom bol emeritn\u00fd senior Bratislavsk\u00e9ho senior\u00e1tu Mgr. Miroslav J\u00e4ger, ktor\u00fd pouk\u00e1zal na ne\u013eudsk\u00e9 zaobch\u00e1dzanie re\u017eimov, ktor\u00e9 &#8230; <a title=\"Myjava v jubilejnom roku\" class=\"read-more\" href=\"https:\/\/www.e-anjelik.sk\/index.php\/2018\/11\/21\/myjava-v-jubilejnom-roku\/\" aria-label=\"Pre\u010d\u00edtajte si viac o Myjava v jubilejnom roku\">\u010c\u00edta\u0165 viac<\/a><\/p>\n","protected":false},"author":4,"featured_media":0,"comment_status":"open","ping_status":"open","sticky":false,"template":"","format":"standard","meta":{"footnotes":""},"categories":[193,386,118],"tags":[],"class_list":["post-32005","post","type-post","status-publish","format-standard","hentry","category-co-pisu-ini","category-historicke-okienko","category-myjava"],"_links":{"self":[{"href":"https:\/\/www.e-anjelik.sk\/index.php\/wp-json\/wp\/v2\/posts\/32005","targetHints":{"allow":["GET"]}}],"collection":[{"href":"https:\/\/www.e-anjelik.sk\/index.php\/wp-json\/wp\/v2\/posts"}],"about":[{"href":"https:\/\/www.e-anjelik.sk\/index.php\/wp-json\/wp\/v2\/types\/post"}],"author":[{"embeddable":true,"href":"https:\/\/www.e-anjelik.sk\/index.php\/wp-json\/wp\/v2\/users\/4"}],"replies":[{"embeddable":true,"href":"https:\/\/www.e-anjelik.sk\/index.php\/wp-json\/wp\/v2\/comments?post=32005"}],"version-history":[{"count":1,"href":"https:\/\/www.e-anjelik.sk\/index.php\/wp-json\/wp\/v2\/posts\/32005\/revisions"}],"predecessor-version":[{"id":32006,"href":"https:\/\/www.e-anjelik.sk\/index.php\/wp-json\/wp\/v2\/posts\/32005\/revisions\/32006"}],"wp:attachment":[{"href":"https:\/\/www.e-anjelik.sk\/index.php\/wp-json\/wp\/v2\/media?parent=32005"}],"wp:term":[{"taxonomy":"category","embeddable":true,"href":"https:\/\/www.e-anjelik.sk\/index.php\/wp-json\/wp\/v2\/categories?post=32005"},{"taxonomy":"post_tag","embeddable":true,"href":"https:\/\/www.e-anjelik.sk\/index.php\/wp-json\/wp\/v2\/tags?post=32005"}],"curies":[{"name":"wp","href":"https:\/\/api.w.org\/{rel}","templated":true}]}}