{"id":32010,"date":"2018-12-01T21:29:27","date_gmt":"2018-12-01T20:29:27","guid":{"rendered":"http:\/\/e-anjelik.sk\/?p=32010"},"modified":"2018-12-01T21:31:08","modified_gmt":"2018-12-01T20:31:08","slug":"modlitba-v-1-nedelu-adventnu-martin-razus","status":"publish","type":"post","link":"https:\/\/www.e-anjelik.sk\/index.php\/2018\/12\/01\/modlitba-v-1-nedelu-adventnu-martin-razus\/","title":{"rendered":"Modlitba v 1.nede\u013eu adventn\u00fa (Martin R\u00e1zus)"},"content":{"rendered":"<p>Vy\u010dk\u00e1va\u0165 je sladko, vy\u010dk\u00e1va\u0165 je milo<\/p>\n<p>na to, \u010do n\u00e1m sam\u00e9 nebo pris\u013e\u00fabilo.<\/p>\n<p>Preto i my v srdci ve\u013ek\u00fa rados\u0165 m\u00e1me,<\/p>\n<p>ke\u010f na Teba, Kriste drah\u00fd, vy\u010dk\u00e1vame.<\/p>\n<p>Sklo\u0148 sa i k n\u00e1m, ach, sklo\u0148, pr\u00ed\u010f i v na\u0161e kraje &#8211;<\/p>\n<p>pom\u00f4c\u0165 na\u0161im biedam, zjavi\u0165 \u017eitia taje!<\/p>\n<p>Nech nas Tvoja ruka vedie, hojne chov\u00e1 &#8211;<\/p>\n<p>l\u00e1skou Tvojho srdca, chlebom Tvojho slova&#8230;<\/p>\n<p>Tak n\u00e1s ve\u010f a varuj, kroky na\u0161e spravuj<\/p>\n<p>a ak poklesneme, milosti n\u00e1m daruj.<\/p>\n<p>Nech tak putujeme k \u017eitia n\u00e1\u0161ho cie\u013eu &#8211;<\/p>\n<p>k Tebe, Pane, k Tebe, v Tvoje sl\u00e1vne nebe<\/p>\n<p>odda\u0165 du\u0161u svoju vo vernosti vrel\u00fa!<\/p>\n<p>Amen<\/p>\n","protected":false},"excerpt":{"rendered":"<p>Vy\u010dk\u00e1va\u0165 je sladko, vy\u010dk\u00e1va\u0165 je milo na to, \u010do n\u00e1m sam\u00e9 nebo pris\u013e\u00fabilo. Preto i my v srdci ve\u013ek\u00fa rados\u0165 m\u00e1me, ke\u010f na Teba, Kriste drah\u00fd, vy\u010dk\u00e1vame. Sklo\u0148 sa i k n\u00e1m, ach, sklo\u0148, pr\u00ed\u010f i v na\u0161e kraje &#8211; pom\u00f4c\u0165 na\u0161im biedam, zjavi\u0165 \u017eitia taje! Nech nas Tvoja ruka vedie, hojne chov\u00e1 &#8211; l\u00e1skou &#8230; <a title=\"Modlitba v 1.nede\u013eu adventn\u00fa (Martin R\u00e1zus)\" class=\"read-more\" href=\"https:\/\/www.e-anjelik.sk\/index.php\/2018\/12\/01\/modlitba-v-1-nedelu-adventnu-martin-razus\/\" aria-label=\"Pre\u010d\u00edtajte si viac o Modlitba v 1.nede\u013eu adventn\u00fa (Martin R\u00e1zus)\">\u010c\u00edta\u0165 viac<\/a><\/p>\n","protected":false},"author":4,"featured_media":0,"comment_status":"open","ping_status":"open","sticky":false,"template":"","format":"standard","meta":{"footnotes":""},"categories":[179,180,370],"tags":[],"class_list":["post-32010","post","type-post","status-publish","format-standard","hentry","category-advent","category-advent-basne","category-modlitby-adventne"],"_links":{"self":[{"href":"https:\/\/www.e-anjelik.sk\/index.php\/wp-json\/wp\/v2\/posts\/32010","targetHints":{"allow":["GET"]}}],"collection":[{"href":"https:\/\/www.e-anjelik.sk\/index.php\/wp-json\/wp\/v2\/posts"}],"about":[{"href":"https:\/\/www.e-anjelik.sk\/index.php\/wp-json\/wp\/v2\/types\/post"}],"author":[{"embeddable":true,"href":"https:\/\/www.e-anjelik.sk\/index.php\/wp-json\/wp\/v2\/users\/4"}],"replies":[{"embeddable":true,"href":"https:\/\/www.e-anjelik.sk\/index.php\/wp-json\/wp\/v2\/comments?post=32010"}],"version-history":[{"count":3,"href":"https:\/\/www.e-anjelik.sk\/index.php\/wp-json\/wp\/v2\/posts\/32010\/revisions"}],"predecessor-version":[{"id":32013,"href":"https:\/\/www.e-anjelik.sk\/index.php\/wp-json\/wp\/v2\/posts\/32010\/revisions\/32013"}],"wp:attachment":[{"href":"https:\/\/www.e-anjelik.sk\/index.php\/wp-json\/wp\/v2\/media?parent=32010"}],"wp:term":[{"taxonomy":"category","embeddable":true,"href":"https:\/\/www.e-anjelik.sk\/index.php\/wp-json\/wp\/v2\/categories?post=32010"},{"taxonomy":"post_tag","embeddable":true,"href":"https:\/\/www.e-anjelik.sk\/index.php\/wp-json\/wp\/v2\/tags?post=32010"}],"curies":[{"name":"wp","href":"https:\/\/api.w.org\/{rel}","templated":true}]}}