{"id":32048,"date":"2018-12-08T19:58:54","date_gmt":"2018-12-08T18:58:54","guid":{"rendered":"http:\/\/e-anjelik.sk\/?p=32048"},"modified":"2018-12-18T16:24:56","modified_gmt":"2018-12-18T15:24:56","slug":"adventna-prosba","status":"publish","type":"post","link":"https:\/\/www.e-anjelik.sk\/index.php\/2018\/12\/08\/adventna-prosba\/","title":{"rendered":"Adventn\u00e1 prosba"},"content":{"rendered":"<div class=\"textLayer\">\n<div><em>Vincent Bla\u017eko<\/em><\/div>\n<\/div>\n<div class=\"textLayer\">\n<div>U\u017e prv\u00e9 svetlo za\u017ealo sa<\/div>\n<div>a klonia sa ku n\u00e1m nebes\u00e1.<\/div>\n<div>Pr\u00ed\u010f, Kriste, svetlo sveta,<\/div>\n<div>ve\u010f na zemi vl\u00e1dne mr\u00e1kota.<\/div>\n<div>Tak v piesni vol\u00e1me k Tebe<\/div>\n<div>a na\u0161e vzdychy prosebn\u00e9<\/div>\n<div>prer\u00e1\u017eaj\u00fa nebesk\u00fa klenbu,<\/div>\n<div>aby si od\u0148al Kainovsk\u00fa kliatbu.<\/div>\n<\/div>\n<div class=\"textLayer\">\n<div>Pr\u00ed\u010f, Pane, bo\u013eav\u00e1 zem \u0164a vol\u00e1,<\/div>\n<div>ve\u010f, kto pr\u00edkoria a mraky zdol\u00e1,<\/div>\n<div>ak nie Ty, vyt\u00fa\u017een\u00fd Mesi\u00e1\u0161,<\/div>\n<div>Ty ve\u010dn\u00fd Radca a Z\u00e1chranca n\u00e1\u0161!<\/div>\n<\/div>\n<div class=\"textLayer\">\n<div>Pr\u00ed\u010f ku n\u00e1m, Tvoj \u013eud \u0164a \u010dak\u00e1,<\/div>\n<div>ve\u010f zvodcov a diabla sa \u013eak\u00e1,<\/div>\n<div>pr\u00ed\u010f a prines l\u00e1sku z neba,<\/div>\n<div>ve\u010f je potrebn\u00e1 ako krajec chleba.<\/div>\n<div>Pr\u00ed\u010f, Pane, Betlehem je v\u0161ade,<\/div>\n<div>nech \u017eivot \u013eudsk\u00fd ne\u013epie na n\u00e1hode,<\/div>\n<div>ale v Tebe m\u00e1 svoj ve\u010dn\u00fd cie\u013e,<\/div>\n<div>ve\u010f Ty si Bar\u00e1nok a Spasite\u013e.<\/div>\n<div>Pr\u00ed\u010f, Pane, pr\u00ed\u010f, L\u00e1skav\u00fd, k n\u00e1m,<\/div>\n<div>do na\u0161ej cirkvi, k na\u0161im rodin\u00e1m. Amen.<\/div>\n<\/div>\n","protected":false},"excerpt":{"rendered":"<p>Vincent Bla\u017eko U\u017e prv\u00e9 svetlo za\u017ealo sa a klonia sa ku n\u00e1m nebes\u00e1. Pr\u00ed\u010f, Kriste, svetlo sveta, ve\u010f na zemi vl\u00e1dne mr\u00e1kota. Tak v piesni vol\u00e1me k Tebe a na\u0161e vzdychy prosebn\u00e9 prer\u00e1\u017eaj\u00fa nebesk\u00fa klenbu, aby si od\u0148al Kainovsk\u00fa kliatbu. Pr\u00ed\u010f, Pane, bo\u013eav\u00e1 zem \u0164a vol\u00e1, ve\u010f, kto pr\u00edkoria a mraky zdol\u00e1, ak nie Ty, &#8230; <a title=\"Adventn\u00e1 prosba\" class=\"read-more\" href=\"https:\/\/www.e-anjelik.sk\/index.php\/2018\/12\/08\/adventna-prosba\/\" aria-label=\"Pre\u010d\u00edtajte si viac o Adventn\u00e1 prosba\">\u010c\u00edta\u0165 viac<\/a><\/p>\n","protected":false},"author":3,"featured_media":0,"comment_status":"open","ping_status":"open","sticky":false,"template":"","format":"standard","meta":{"footnotes":""},"categories":[179],"tags":[],"class_list":["post-32048","post","type-post","status-publish","format-standard","hentry","category-advent"],"_links":{"self":[{"href":"https:\/\/www.e-anjelik.sk\/index.php\/wp-json\/wp\/v2\/posts\/32048","targetHints":{"allow":["GET"]}}],"collection":[{"href":"https:\/\/www.e-anjelik.sk\/index.php\/wp-json\/wp\/v2\/posts"}],"about":[{"href":"https:\/\/www.e-anjelik.sk\/index.php\/wp-json\/wp\/v2\/types\/post"}],"author":[{"embeddable":true,"href":"https:\/\/www.e-anjelik.sk\/index.php\/wp-json\/wp\/v2\/users\/3"}],"replies":[{"embeddable":true,"href":"https:\/\/www.e-anjelik.sk\/index.php\/wp-json\/wp\/v2\/comments?post=32048"}],"version-history":[{"count":2,"href":"https:\/\/www.e-anjelik.sk\/index.php\/wp-json\/wp\/v2\/posts\/32048\/revisions"}],"predecessor-version":[{"id":32090,"href":"https:\/\/www.e-anjelik.sk\/index.php\/wp-json\/wp\/v2\/posts\/32048\/revisions\/32090"}],"wp:attachment":[{"href":"https:\/\/www.e-anjelik.sk\/index.php\/wp-json\/wp\/v2\/media?parent=32048"}],"wp:term":[{"taxonomy":"category","embeddable":true,"href":"https:\/\/www.e-anjelik.sk\/index.php\/wp-json\/wp\/v2\/categories?post=32048"},{"taxonomy":"post_tag","embeddable":true,"href":"https:\/\/www.e-anjelik.sk\/index.php\/wp-json\/wp\/v2\/tags?post=32048"}],"curies":[{"name":"wp","href":"https:\/\/api.w.org\/{rel}","templated":true}]}}