{"id":32050,"date":"2018-12-08T22:18:12","date_gmt":"2018-12-08T21:18:12","guid":{"rendered":"http:\/\/e-anjelik.sk\/?p=32050"},"modified":"2018-12-18T16:29:18","modified_gmt":"2018-12-18T15:29:18","slug":"adventna-2","status":"publish","type":"post","link":"https:\/\/www.e-anjelik.sk\/index.php\/2018\/12\/08\/adventna-2\/","title":{"rendered":"Adventn\u00e1"},"content":{"rendered":"<p>Pr\u00ed\u010f, Kriste, a do na\u0161ich slab\u00fdch s\u0155dc vst\u00fap,<\/p>\n<p>nie iba na chv\u00ed\u013eu, ale st\u00e1lym hos\u0165om v\u00a0nich bu\u010f.<\/p>\n<p>Pr\u00ed\u010f, Kriste, do ka\u017edej \u010dakaj\u00facej \u00a0du\u0161e vojdi,<\/p>\n<p>nie iba na chv\u00ed\u013eu, ale daj, nech v\u017edy v Teba verila by.<\/p>\n<p>Pr\u00ed\u010f, Kriste, do sveta, kde vl\u00e1dne nepokoj,<\/p>\n<p>nie iba na chv\u00ed\u013eu, ale nast\u00e1lo \u013eud svoj upokoj.<\/p>\n<p>Pr\u00ed\u010f, Kriste, a klop hlasno na na\u0161e srdca dvere,<\/p>\n<p>nie iba chv\u00ed\u013eu, ale a\u017e pok\u00fdm dospejeme k\u00a0viere.<\/p>\n<p>Pr\u00ed\u010f, Kriste, nech pote\u0161ia sa slab\u00ed, smutn\u00ed, biedni,<\/p>\n<p>nie iba na chv\u00ed\u013eu &#8211; nateraz, ale aj po ostatn\u00e9 svoje dni.<\/p>\n<p>Pr\u00ed\u010f, Kriste, vzhliadni na na\u0161e mal\u00e9 mil\u00e9 dietky,<\/p>\n<p>nie iba na chv\u00ed\u013eu, l\u00e1skavo chr\u00e1\u0148 ich, bez rozdielu v\u0161etky.<\/p>\n<p>Pr\u00ed\u010f, Kriste, a\u00a0v\u0161etky \u017eivoty na\u0161e \u00faplne zme\u0148,<\/p>\n<p>nie iba na chv\u00ed\u013eu, ale nav\u017edy na vieru prav\u00fa ich preme\u0148.<\/p>\n<p>V\u00a0Tebe viera, l\u00e1ska, n\u00e1dej, vieme to iste,<\/p>\n<p>spolo\u010dne vol\u00e1me v\u0161etci, tak teda pr\u00ed\u010f, Kriste.<\/p>\n<h3>\u00a0<strong>Du\u0161an Miko<\/strong><\/h3>\n","protected":false},"excerpt":{"rendered":"<p>Pr\u00ed\u010f, Kriste, a do na\u0161ich slab\u00fdch s\u0155dc vst\u00fap, nie iba na chv\u00ed\u013eu, ale st\u00e1lym hos\u0165om v\u00a0nich bu\u010f. Pr\u00ed\u010f, Kriste, do ka\u017edej \u010dakaj\u00facej \u00a0du\u0161e vojdi, nie iba na chv\u00ed\u013eu, ale daj, nech v\u017edy v Teba verila by. Pr\u00ed\u010f, Kriste, do sveta, kde vl\u00e1dne nepokoj, nie iba na chv\u00ed\u013eu, ale nast\u00e1lo \u013eud svoj upokoj. Pr\u00ed\u010f, Kriste, a &#8230; <a title=\"Adventn\u00e1\" class=\"read-more\" href=\"https:\/\/www.e-anjelik.sk\/index.php\/2018\/12\/08\/adventna-2\/\" aria-label=\"Pre\u010d\u00edtajte si viac o Adventn\u00e1\">\u010c\u00edta\u0165 viac<\/a><\/p>\n","protected":false},"author":1,"featured_media":0,"comment_status":"open","ping_status":"open","sticky":false,"template":"","format":"standard","meta":{"footnotes":""},"categories":[1],"tags":[],"class_list":["post-32050","post","type-post","status-publish","format-standard","hentry","category-adventna-modlitba"],"_links":{"self":[{"href":"https:\/\/www.e-anjelik.sk\/index.php\/wp-json\/wp\/v2\/posts\/32050","targetHints":{"allow":["GET"]}}],"collection":[{"href":"https:\/\/www.e-anjelik.sk\/index.php\/wp-json\/wp\/v2\/posts"}],"about":[{"href":"https:\/\/www.e-anjelik.sk\/index.php\/wp-json\/wp\/v2\/types\/post"}],"author":[{"embeddable":true,"href":"https:\/\/www.e-anjelik.sk\/index.php\/wp-json\/wp\/v2\/users\/1"}],"replies":[{"embeddable":true,"href":"https:\/\/www.e-anjelik.sk\/index.php\/wp-json\/wp\/v2\/comments?post=32050"}],"version-history":[{"count":1,"href":"https:\/\/www.e-anjelik.sk\/index.php\/wp-json\/wp\/v2\/posts\/32050\/revisions"}],"predecessor-version":[{"id":32051,"href":"https:\/\/www.e-anjelik.sk\/index.php\/wp-json\/wp\/v2\/posts\/32050\/revisions\/32051"}],"wp:attachment":[{"href":"https:\/\/www.e-anjelik.sk\/index.php\/wp-json\/wp\/v2\/media?parent=32050"}],"wp:term":[{"taxonomy":"category","embeddable":true,"href":"https:\/\/www.e-anjelik.sk\/index.php\/wp-json\/wp\/v2\/categories?post=32050"},{"taxonomy":"post_tag","embeddable":true,"href":"https:\/\/www.e-anjelik.sk\/index.php\/wp-json\/wp\/v2\/tags?post=32050"}],"curies":[{"name":"wp","href":"https:\/\/api.w.org\/{rel}","templated":true}]}}