{"id":32069,"date":"2018-12-25T11:27:29","date_gmt":"2018-12-25T10:27:29","guid":{"rendered":"http:\/\/e-anjelik.sk\/?p=32069"},"modified":"2018-12-30T11:25:56","modified_gmt":"2018-12-30T10:25:56","slug":"akordy-vianoc","status":"publish","type":"post","link":"https:\/\/www.e-anjelik.sk\/index.php\/2018\/12\/25\/akordy-vianoc\/","title":{"rendered":"Akordy Vianoc"},"content":{"rendered":"<p><em>Pokoj \u013eu\u010fom dobrej v\u00f4le<\/em>. Comprendre c\u2018est pardonner, hovor\u00ed franc\u00fazske pr\u00edslovie. Na \u013eudsk\u00fdch du\u0161iach sed\u00ed ak\u00e1si b\u00e1belsk\u00e1 kliatba: neporozumenie. Nielen jazyk je cudz\u00ed, v\u00f4\u013ea je cudzia, kri\u017euj\u00faca sa, odporuj\u00faca si. Niet dobrej v\u00f4le medzi jednotlivcami, niet jej medzi n\u00e1rodmi. Nedostatok dobrej v\u00f4le odsot\u00ed \u013eud\u00ed od seba do desiv\u00fdch dia\u013eok, z ktor\u00fdch je pre\u0165a\u017ek\u00e9 ka\u017ed\u00e9 zbli\u017eovanie sa. \u017dijeme v \u010dasoch ustavi\u010dn\u00e9ho upodozrievania sa \u013eud\u00ed, nik nikomu v ni\u010dom never\u00ed, ka\u017ed\u00fd v ka\u017edom vid\u00ed zl\u00fa v\u00f4\u013eu, zl\u00fd \u00famysel. \u013dudia vidia v sebe brigantov a desper\u00e1dov a niektor\u00e9 ich skutky tomu naozaj nasved\u010duj\u00fa. Strata viery v absol\u00fatne hodnoty priniesla stratu viery i&nbsp;v hodnoty relat\u00edvne, nielen viera v&nbsp;Boha sa stratila, ale paralelne s \u0148ou sa stratila i viera v \u010dloveka. Viera v slovo \u010dloveka, viera v \u00famysel \u010dloveka, viera v skutok \u010dloveka. Od \u010dloveka k \u010dloveku je \u010dasto dlh\u0161ia cesta ako od kontinentu ku kontinentu. Sk\u00f4r precestuje\u0161 more, ako preklenie\u0161 t\u00fato vzdialenos\u0165. Sk\u00f4r prenesie\u0161 horu ako srdce \u010dloveka. A do tejto odvekej dia\u013eky, ktor\u00e1 \u013eud\u00ed od seba del\u00ed a je z\u00e1rodkom v\u0161etk\u00fdch ich ne\u0161\u0165ast\u00ed, zaznieva slovo: \u013du\u010fom dobr\u00e1 v\u00f4\u013ea! T\u00e1 dobr\u00e1 v\u00f4\u013ea, ktor\u00e1 porozumie, ktor\u00e1 pom\u00f4\u017ee z \u0165a\u017ekost\u00ed, ktor\u00e1 pribli\u017euje, zmieruje, zjednocuje v&nbsp;\u00famysloch i&nbsp;v&nbsp;skutkoch.<\/p>\n<p><strong>&nbsp;E. B. Luk\u00e1\u010d &#8211; <\/strong>(z\u00e1ver Viano\u010dnej k\u00e1zne z knihy<strong> Kam Ho polo\u017eili?<\/strong>)<\/p>\n<p>&nbsp;<\/p>\n<p><strong>&nbsp;<\/strong><\/p>\n<p><em>&nbsp;<\/em><\/p>\n<p><em>&nbsp; <\/em>Prav\u00fd pokoj prich\u00e1dza od Boha skrze P\u00e1na Je\u017ei\u0161a Krista. U\u017e je tu, len mus\u00edme pre Neho otvori\u0165 svoje srdcia. V sebe Ho n\u00e1jdeme len vtedy, ak ho najprv prijmeme od Boha. Ak Vianoce hovoria \u2013 a na zemi pokoj \u013eu\u010fom dobrej v\u00f4le, myslia t\u00fdm aj teba, aj m\u0148a. N\u00edm naplnen\u00ed m\u00e1me odovzd\u00e1va\u0165 tento pokoj in\u00fdm. Najm\u00e4 tam, kde je pokoja tak ve\u013emi m\u00e1lo. To je najkraj\u0161ie osl\u00e1venie Vianoc. To je hlavn\u00e1 \u00faloha kres\u0165anov v ka\u017edom \u010dase. Nezab\u00fadajme, \u017ee pokoj na zemi sa rod\u00ed v srdci.<\/p>\n<p>&nbsp;<\/p>\n<p>&nbsp;<\/p>\n<p><em>Tam, kde ch\u00fdba pokoj, nie je pr\u00edtomn\u00fd Boh.<\/em><\/p>\n<p><em>Je\u017ei\u0161 pri\u0161iel, aby n\u00e1s zmieril s Hospodinom.<\/em><\/p>\n<p><em>Zosta\u0148 s nami, Pane, a daruj n\u00e1m svoj pokoj.<\/em><\/p>\n<p><em>Nedopus\u0165 nepokoj, ktor\u00fdm \u010doraz viacej hroz\u00ed svet.<\/em><\/p>\n<p>&nbsp;<\/p>\n<p>Pokoj V\u00e1m!!<\/p>\n","protected":false},"excerpt":{"rendered":"<p>Pokoj \u013eu\u010fom dobrej v\u00f4le. Comprendre c\u2018est pardonner, hovor\u00ed franc\u00fazske pr\u00edslovie. Na \u013eudsk\u00fdch du\u0161iach sed\u00ed ak\u00e1si b\u00e1belsk\u00e1 kliatba: neporozumenie. Nielen jazyk je cudz\u00ed, v\u00f4\u013ea je cudzia, kri\u017euj\u00faca sa, odporuj\u00faca si. Niet dobrej v\u00f4le medzi jednotlivcami, niet jej medzi n\u00e1rodmi. Nedostatok dobrej v\u00f4le odsot\u00ed \u013eud\u00ed od seba do desiv\u00fdch dia\u013eok, z ktor\u00fdch je pre\u0165a\u017ek\u00e9 ka\u017ed\u00e9 zbli\u017eovanie sa. &#8230; <a title=\"Akordy Vianoc\" class=\"read-more\" href=\"https:\/\/www.e-anjelik.sk\/index.php\/2018\/12\/25\/akordy-vianoc\/\" aria-label=\"Pre\u010d\u00edtajte si viac o Akordy Vianoc\">\u010c\u00edta\u0165 viac<\/a><\/p>\n","protected":false},"author":3,"featured_media":0,"comment_status":"open","ping_status":"open","sticky":false,"template":"","format":"image","meta":{"footnotes":""},"categories":[159],"tags":[],"class_list":["post-32069","post","type-post","status-publish","format-image","hentry","category-vianoce","post_format-post-format-image"],"_links":{"self":[{"href":"https:\/\/www.e-anjelik.sk\/index.php\/wp-json\/wp\/v2\/posts\/32069","targetHints":{"allow":["GET"]}}],"collection":[{"href":"https:\/\/www.e-anjelik.sk\/index.php\/wp-json\/wp\/v2\/posts"}],"about":[{"href":"https:\/\/www.e-anjelik.sk\/index.php\/wp-json\/wp\/v2\/types\/post"}],"author":[{"embeddable":true,"href":"https:\/\/www.e-anjelik.sk\/index.php\/wp-json\/wp\/v2\/users\/3"}],"replies":[{"embeddable":true,"href":"https:\/\/www.e-anjelik.sk\/index.php\/wp-json\/wp\/v2\/comments?post=32069"}],"version-history":[{"count":4,"href":"https:\/\/www.e-anjelik.sk\/index.php\/wp-json\/wp\/v2\/posts\/32069\/revisions"}],"predecessor-version":[{"id":32144,"href":"https:\/\/www.e-anjelik.sk\/index.php\/wp-json\/wp\/v2\/posts\/32069\/revisions\/32144"}],"wp:attachment":[{"href":"https:\/\/www.e-anjelik.sk\/index.php\/wp-json\/wp\/v2\/media?parent=32069"}],"wp:term":[{"taxonomy":"category","embeddable":true,"href":"https:\/\/www.e-anjelik.sk\/index.php\/wp-json\/wp\/v2\/categories?post=32069"},{"taxonomy":"post_tag","embeddable":true,"href":"https:\/\/www.e-anjelik.sk\/index.php\/wp-json\/wp\/v2\/tags?post=32069"}],"curies":[{"name":"wp","href":"https:\/\/api.w.org\/{rel}","templated":true}]}}