{"id":32084,"date":"2018-12-24T11:05:38","date_gmt":"2018-12-24T10:05:38","guid":{"rendered":"http:\/\/e-anjelik.sk\/?p=32084"},"modified":"2018-12-24T11:05:38","modified_gmt":"2018-12-24T10:05:38","slug":"emil-boleslav-lukac-svata-noc","status":"publish","type":"post","link":"https:\/\/www.e-anjelik.sk\/index.php\/2018\/12\/24\/emil-boleslav-lukac-svata-noc\/","title":{"rendered":"Emil Boleslav Luk\u00e1\u010d &#8211; Sv\u00e4t\u00e1 noc"},"content":{"rendered":"<p>\u00d3, Sv\u00e4t\u00e1 noc, noc vz\u00e1cnych blahozvest\u00ed,<br \/>\nnoc, ktor\u00e1 vseje v srdcia dobrej v\u00f4le,<br \/>\nnoc, ktor\u00e1 rozo\u017eenie neresti a b\u00f4le,<br \/>\nnoc, v ktorej dobr\u00e1 zves\u0165 n\u00e1m v du\u0161i za\u0161elest\u00ed.<br \/>\n\u00d3, Sv\u00e4t\u00e1 noc, v nej zm\u00e4kne tvrdos\u0165 p\u00e4st\u00ed,<br \/>\nzne\u017enej\u00fa snehom h\u00e1je, strechy, pole,<br \/>\npod oknom deti spievaj\u00fa \u010das v jemnom mole<br \/>\na pri stole sa mnoho dobr\u00fdch \u013eud\u00ed zmest\u00ed.<br \/>\n\u00d3, Sv\u00e4t\u00e1 noc, \u010do hl\u00e1sa\u0161 zvesti dobr\u00e9,<br \/>\npote\u0161uj toho, ktor\u00fd u dvier \u017eobre,<br \/>\nnech snehu z\u00e1voj padne na rozopre.<br \/>\n\u00d3, Sv\u00e4t\u00e1 noc, v nej spl\u00e1la \u017eiara svetl\u00e1,<br \/>\nna teba \u010dakal cel\u00fd, ve\u013ek\u00fd svet h\u013ea,<br \/>\n\u00f3 nalej v du\u0161e viacej tepla, svetla!<\/p>\n","protected":false},"excerpt":{"rendered":"<p>\u00d3, Sv\u00e4t\u00e1 noc, noc vz\u00e1cnych blahozvest\u00ed, noc, ktor\u00e1 vseje v srdcia dobrej v\u00f4le, noc, ktor\u00e1 rozo\u017eenie neresti a b\u00f4le, noc, v ktorej dobr\u00e1 zves\u0165 n\u00e1m v du\u0161i za\u0161elest\u00ed. \u00d3, Sv\u00e4t\u00e1 noc, v nej zm\u00e4kne tvrdos\u0165 p\u00e4st\u00ed, zne\u017enej\u00fa snehom h\u00e1je, strechy, pole, pod oknom deti spievaj\u00fa \u010das v jemnom mole a pri stole sa mnoho dobr\u00fdch &#8230; <a title=\"Emil Boleslav Luk\u00e1\u010d &#8211; Sv\u00e4t\u00e1 noc\" class=\"read-more\" href=\"https:\/\/www.e-anjelik.sk\/index.php\/2018\/12\/24\/emil-boleslav-lukac-svata-noc\/\" aria-label=\"Pre\u010d\u00edtajte si viac o Emil Boleslav Luk\u00e1\u010d &#8211; Sv\u00e4t\u00e1 noc\">\u010c\u00edta\u0165 viac<\/a><\/p>\n","protected":false},"author":3,"featured_media":0,"comment_status":"open","ping_status":"open","sticky":false,"template":"","format":"standard","meta":{"footnotes":""},"categories":[1],"tags":[],"class_list":["post-32084","post","type-post","status-publish","format-standard","hentry","category-adventna-modlitba"],"_links":{"self":[{"href":"https:\/\/www.e-anjelik.sk\/index.php\/wp-json\/wp\/v2\/posts\/32084","targetHints":{"allow":["GET"]}}],"collection":[{"href":"https:\/\/www.e-anjelik.sk\/index.php\/wp-json\/wp\/v2\/posts"}],"about":[{"href":"https:\/\/www.e-anjelik.sk\/index.php\/wp-json\/wp\/v2\/types\/post"}],"author":[{"embeddable":true,"href":"https:\/\/www.e-anjelik.sk\/index.php\/wp-json\/wp\/v2\/users\/3"}],"replies":[{"embeddable":true,"href":"https:\/\/www.e-anjelik.sk\/index.php\/wp-json\/wp\/v2\/comments?post=32084"}],"version-history":[{"count":1,"href":"https:\/\/www.e-anjelik.sk\/index.php\/wp-json\/wp\/v2\/posts\/32084\/revisions"}],"predecessor-version":[{"id":32105,"href":"https:\/\/www.e-anjelik.sk\/index.php\/wp-json\/wp\/v2\/posts\/32084\/revisions\/32105"}],"wp:attachment":[{"href":"https:\/\/www.e-anjelik.sk\/index.php\/wp-json\/wp\/v2\/media?parent=32084"}],"wp:term":[{"taxonomy":"category","embeddable":true,"href":"https:\/\/www.e-anjelik.sk\/index.php\/wp-json\/wp\/v2\/categories?post=32084"},{"taxonomy":"post_tag","embeddable":true,"href":"https:\/\/www.e-anjelik.sk\/index.php\/wp-json\/wp\/v2\/tags?post=32084"}],"curies":[{"name":"wp","href":"https:\/\/api.w.org\/{rel}","templated":true}]}}