{"id":32100,"date":"2018-12-22T21:38:34","date_gmt":"2018-12-22T20:38:34","guid":{"rendered":"http:\/\/e-anjelik.sk\/?p=32100"},"modified":"2018-12-22T21:38:34","modified_gmt":"2018-12-22T20:38:34","slug":"martin-razus-suspiria-k-stvrtej-adventnej-nedeli","status":"publish","type":"post","link":"https:\/\/www.e-anjelik.sk\/index.php\/2018\/12\/22\/martin-razus-suspiria-k-stvrtej-adventnej-nedeli\/","title":{"rendered":"Martin R\u00e1zus: Susp\u00edri\u00e1 k \u0161tvrtej adventnej nedeli"},"content":{"rendered":"<p><b>Martin R\u00e1zus: Susp\u00edri\u00e1 k \u0161tvrtej adventnej nedeli<\/b><\/p>\n<p><b>Mt 6, 6<\/b><\/p>\n<p>V tichu\u010dk\u00e9 dni, ke\u010f zima vonku,<\/p>\n<p>\u017eehnaj n\u00e1m, Bo\u017ee, v na\u0161om domku,<\/p>\n<p>vypo\u010duj, \u010do pre Teba zn\u00e1\u0161a<\/p>\n<p>ustarosten\u00e1 du\u0161a na\u0161a!<\/p>\n<p>T\u00e1 Tvoja l\u00e1ska nech n\u00e1s hreje,<\/p>\n<p>rozpt\u00fdli temno bezn\u00e1deje,<\/p>\n<p>vyjasn\u00ed \u010delo, zdr\u017e\u00ed v cnosti,<\/p>\n<p><b>ke\u010f predo dvermi \u010das radosti.<span class=\"Apple-converted-space\">\u00a0 <\/span>Amen<\/b><\/p>\n<p>\u2014\u2014\u2014\u2014\u2014\u2014\u2014\u2014\u2014\u2014\u2014\u2014\u2014\u2014\u2014-<\/p>\n<p>Byt m\u00f4j nech\u017ee i st\u00e1nkom Tvojim,<\/p>\n<p>kde sa ja v biedach upokoj\u00edm<\/p>\n<p>a v rozhovore s Tebou, Pane,<\/p>\n<p>usu\u0161\u00edm o\u010di uplakan\u00e9.<\/p>\n<p>Len po\u010duj, vysly\u0161 prosbu moju<\/p>\n<p>a pridaj srdca k \u017eitia boju;<\/p>\n<p>v rozt\u00fa\u017een\u00ed praj u\u013eavenia,<\/p>\n<p>po \u010dasnej p\u00fati osl\u00e1venia!<span class=\"Apple-converted-space\">\u00a0 <\/span>Amen<\/p>\n<p><b>J 1, 19 &#8211; 28<\/b><\/p>\n<p>Daj, by sme seba znali,<\/p>\n<p>jak Tys\u2019 sa, Kriste, znal,<\/p>\n<p>v pokore to konali,<\/p>\n<p>\u010do Tys\u2019 n\u00e1m rozk\u00e1zal.<\/p>\n<p>A vodou pokrsten\u00ed<\/p>\n<ul>\n<li>i Duchom presv\u00e4t\u00fdm &#8211;<span class=\"Apple-converted-space\">\u00a0<\/span><\/li>\n<\/ul>\n<p>nech dnes sme posilnen\u00ed<\/p>\n<p>pred Tvoj\u00edm prijat\u00edm!<span class=\"Apple-converted-space\">\u00a0 <\/span>Amen<\/p>\n<p>\u2014\u2014\u2014\u2014\u2014\u2014\u2014\u2014\u2014\u2014\u2014\u2014\u2014\u2014\u2014\u2014\u2014\u2014<\/p>\n<p>\u010cas vz\u00e1cny bl\u00ed\u017ei sa k n\u00e1m ka\u017edej chv\u00edle &#8211;<\/p>\n<p>de\u0148 spasenia, de\u0148 n\u00e1\u0161ho vyk\u00fapenia,<\/p>\n<p>hlas mocn\u00fd oz\u00fdva sa p\u00fa\u0161\u0165ou \u0161\u00edrou<\/p>\n<p>a bud\u00ed du\u0161e sklesl\u00e9 z om\u00e1memnia.<\/p>\n<p>Vsta\u0148, nedriem viac, lampy rozosvie\u0165<\/p>\n<p>a stlm srdca v\u00e1\u0161ne rozpustil\u00e9,<\/p>\n<p>prichystaj st\u00e1nok du\u0161e, prichystaj,<\/p>\n<p>\u010das vz\u00e1cny bl\u00ed\u017ei sa k n\u00e1m ka\u017edej chv\u00edle!<span class=\"Apple-converted-space\">\u00a0 <\/span>Amen<\/p>\n<p>\u2014\u2014\u2014\u2014\u2014\u2014\u2014\u2014\u2014\u2014\u2014\u2014\u2014\u2014\u2014\u2014\u2014\u2014\u2014\u2014-<\/p>\n<p>Na p\u00fa\u0161ti daj n\u00e1m slovo \u010du\u0165,<\/p>\n<p>nech i n\u00e1s posv\u00e4t\u00ed &#8211;<span class=\"Apple-converted-space\">\u00a0<\/span><\/p>\n<p>a rozopne sa vierou hru\u010f<\/p>\n<p>Teba pri prijat\u00ed.<\/p>\n<p>\u00d3, Spasite\u013eu, nav\u0161t\u00edv n\u00e1s<\/p>\n<p>a Duchom mocne krs\u0165 &#8211;<\/p>\n<p>a rozkvitne sa v\u00f4kol n\u00e1s<\/p>\n<p>i \u017eitia n\u00e1\u0161ho p\u00fa\u0161\u0165!<span class=\"Apple-converted-space\">\u00a0 <\/span>Amen<\/p>\n<p>\u2014\u2014\u2014\u2014\u2014\u2014\u2014\u2014\u2014\u2014\u2014\u2014\u2014\u2014\u2014\u2014\u2014\u2014\u2014-<\/p>\n<p>Ke\u010f zrieme vierou dnes<\/p>\n<p>ku v\u00fd\u0161in\u00e1m,<\/p>\n<p>\u00f3, Kriste, Pane n\u00e1\u0161,<\/p>\n<p>zjav sa i n\u00e1m!<\/p>\n<p>Pre l\u00e1sku premnoh\u00fa<\/p>\n<p>ozna\u010d n\u00e1m \u00falohu<\/p>\n<p><span class=\"Apple-converted-space\">\u00a0<\/span>a ve\u010f n\u00e1s ku Bohu,<\/p>\n<p>ve\u010f k v\u00fd\u0161in\u00e1m!<span class=\"Apple-converted-space\">\u00a0 <\/span>Amen<\/p>\n<p>\u2014\u2014\u2014\u2014\u2014\u2014\u2014\u2014\u2014\u2014\u2014\u2014\u2014\u2014\u2014\u2014\u2014<\/p>\n<p>N\u00e1s vysiela\u0161 tie\u017e, Bo\u017ee,<\/p>\n<p>ku dielu &#8211;<\/p>\n<p>\u00f3, daj n\u00e1m vieru pevn\u00fa<\/p>\n<p>a myse\u013e vesel\u00fa!<\/p>\n<p>Obnov n\u00e1s Duchom,<\/p>\n<p>ve\u010f v svete m\u0155tvom, hluchom &#8211;<\/p>\n<p>tak pom\u00f4\u017e du\u0161u obmy\u0165<\/p>\n<p>na bielu!<span class=\"Apple-converted-space\">\u00a0 <\/span>Amen<\/p>\n<p><b>Fil 4, 4 &#8211; 7<\/b><\/p>\n<p>V posv\u00e4tnos\u0165 chv\u00edle<\/p>\n<p>nech duch n\u00e1m sples\u00e1,<\/p>\n<p>ve\u010f P\u00e1n u\u017e bl\u00edzko:<\/p>\n<p>\u00f3, radujme sa!<\/p>\n<p>Dnes v miernosti \u013eud<\/p>\n<p>hold v\u0161ak\u00fd zlo\u017e\u00ed\u2026<\/p>\n<p>Ach, zost\u00fap i<span class=\"Apple-converted-space\">\u00a0 <\/span>v n\u00e1s,<\/p>\n<p>pokoju Bo\u017e\u00ed!<span class=\"Apple-converted-space\">\u00a0 <\/span>Amen<\/p>\n<p>\u2014\u2014\u2014\u2014\u2014\u2014\u2014\u2014\u2014\u2014\u2014\u2014\u2014\u2014\u2014\u2014-<\/p>\n<p>Le\u0165, vr\u00facna \u017eiados\u0165,<\/p>\n<p>hor k v\u00fd\u0161in\u00e1m,<\/p>\n<p>nech sp\u0155chne rados\u0165<\/p>\n<p>v srdcia i n\u00e1m!<\/p>\n<p>Vzle\u0165 k tr\u00f3nu nebies dnes<\/p>\n<p>a v sladk\u00fa zves\u0165 n\u00e1m znes,<\/p>\n<p>\u017ee pr\u00edde Kristus P\u00e1n<\/p>\n<p>i k n\u00e1m\u2026 i k n\u00e1m!<span class=\"Apple-converted-space\">\u00a0 <\/span>Amen<\/p>\n<p>\u2014\u2014\u2014\u2014\u2014\u2014\u2014\u2014\u2014\u2014\u2014\u2014\u2014\u2014\u2014\u2014-<\/p>\n<p>Radosti, radosti,<\/p>\n<p>daj, Pane z v\u00fdsosti &#8211;<\/p>\n<p>prenies\u0165 i \u010do zl\u00e9 je,<\/p>\n<p>na\u010drie\u0165 s\u00edl z n\u00e1deje!<\/p>\n<p>Niet \u017eitia bez boja &#8211;<\/p>\n<p>v\u0161ak praj i pokoja,<\/p>\n<p>\u010do rozum prev\u00fd\u0161i,<\/p>\n<p>i srdce ut\u00ed\u0161i\u2026<\/p>\n<p>Tak pr\u00ed\u010f k n\u00e1m, to daj n\u00e1m,<\/p>\n<p>n\u00e1\u0161 Pane Je\u017ei\u0161i!<span class=\"Apple-converted-space\">\u00a0 <\/span>Amen<\/p>\n<p>\u2014\u2014\u2014\u2014\u2014\u2014\u2014\u2014\u2014\u2014\u2014\u2014\u2014\u2014-<\/p>\n<p>Po\u010f bli\u017e\u0161ie, Kriste, k n\u00e1m,<\/p>\n<p>Tvoj n\u00e1\u0161 dom,<\/p>\n<p>v duchu \u0164a \u010dak\u00e1me<\/p>\n<p>radostnom.<\/p>\n<p>Ver\u00edme, nesie\u0161 n\u00e1m<\/p>\n<p>mier a svit,<\/p>\n<p>Ach, r\u00e1\u010d sa u n\u00e1s tie\u017e<\/p>\n<p>pristavi\u0165!<span class=\"Apple-converted-space\">\u00a0 <\/span>Amen<\/p>\n<p>\u2014\u2014\u2014\u2014\u2014\u2014\u2014\u2014\u2014\u2014\u2014\u2014\u2014-<\/p>\n<p>Daj, Bo\u017ee, radosti<\/p>\n<p>na \u017eitia \u00fadol\u00ed &#8211;<span class=\"Apple-converted-space\">\u00a0<\/span><\/p>\n<p>\u010do dosia\u013e bolelo,<\/p>\n<p>nech viacej nebol\u00ed!<\/p>\n<p>Daj, Pane, miernosti &#8211;<\/p>\n<p>sved\u010dne sa zachova\u0165<\/p>\n<p>a \u010dasne i ve\u010dne<\/p>\n<p>s Tebou sa radova\u0165!<span class=\"Apple-converted-space\">\u00a0 <\/span>Amen<\/p>\n<p>\u2014\u2014\u2014\u2014\u2014\u2014\u2014\u2014\u2014\u2014\u2014-<\/p>\n<p>Daj, Bo\u017ee, pote\u0161enia,<\/p>\n<p>z miernosti n\u00e1deje,<\/p>\n<p>ve\u010f, kde si slovo cenia,<\/p>\n<p>dobre je, dobre je!<\/p>\n<p>V tom slove na\u0161e snahy &#8211;<span class=\"Apple-converted-space\">\u00a0<\/span><\/p>\n<p>bdie\u0165 i p\u00fa\u0165 na svoju.<\/p>\n<p>Ach, ve\u010f n\u00e1s, Pane drah\u00fd,<\/p>\n<p>k v\u00ed\u0165azstvu, k pokoju!<span class=\"Apple-converted-space\">\u00a0 <\/span>Amen<\/p>\n<p><b>Zj 3, 11 12<\/b><\/p>\n<p>U\u010d svojho dr\u017ea\u0165 sa,<\/p>\n<p>hoc mraky zahrn\u00fa,<\/p>\n<p>u\u010d, Kriste, dr\u017ea\u0165 sa &#8211;<\/p>\n<p>nestrati\u0165 Korunu!<\/p>\n<p>Ve\u010f pr\u00edde\u0161 skoro &#8211; pr\u00ed\u010f,<\/p>\n<p>n\u00e1j\u010f i n\u00e1s pod krovom,<\/p>\n<p>v tom dome Otcovom!<span class=\"Apple-converted-space\">\u00a0 <\/span>Amen<\/p>\n<p>\u2014\u2014\u2014\u2014\u2014\u2014\u2014\u2014\u2014\u2014\u2014\u2014-<\/p>\n<p>Vo vernosti \u0164a<span class=\"Apple-converted-space\">\u00a0<\/span><\/p>\n<p>\u010dak\u00e1me, Kriste,<\/p>\n<p>si n\u00e1dej na\u0161a<\/p>\n<p>i \u00fato\u010di\u0161te\u2026<\/p>\n<p>\u00d3, pr\u00ed\u010f a utvr\u010f<\/p>\n<p>n\u00e1s v pravej viere<\/p>\n<p>a niekdy nebies<\/p>\n<p>otvor n\u00e1m dovere!<span class=\"Apple-converted-space\">\u00a0 <\/span>Amen<\/p>\n<p>\u2014\u2014\u2014\u2014\u2014\u2014\u2014\u2014\u2014\u2014\u2014-<\/p>\n<p>U\u017e skoro pr\u00edde, skoro<\/p>\n<p>zjav\u00ed sa vodca n\u00e1\u0161.<\/p>\n<p>\u00d3, dr\u017e sa du\u0161a toho<\/p>\n<p>vo vernosti, \u010do m\u00e1\u0161!<\/p>\n<p>A Ty, n\u00e1\u0161 drah\u00fd Pane,<\/p>\n<p>u\u010d d\u00f4stojne n\u00e1s \u017ei\u0165,<\/p>\n<p>pravde sa obetova\u0165,<\/p>\n<p>nad svetom v\u00ed\u0165azi\u0165!<span class=\"Apple-converted-space\">\u00a0 <\/span>Amen<\/p>\n<p>\u2014\u2014\u2014\u2014\u2014\u2014\u2014\u2014\u2014\u2014\u2014-<\/p>\n<p><b>1 M 11, 1 &#8211; 9<\/b><\/p>\n<p>Ke\u010f cesta k nebu<span class=\"Apple-converted-space\">\u00a0<\/span><\/p>\n<p>zve n\u00e1s hor\u2019,<\/p>\n<p>posilni, Bo\u017ee,<\/p>\n<p>dnes n\u00e1\u0161 zbor &#8211;<\/p>\n<p>pripravi\u0165 t\u00fa p\u00fa\u0165<\/p>\n<p>v\u00fd\u0161 a v\u00fd\u0161,<\/p>\n<p>po nej m\u00e1 pr\u00eds\u0165 k n\u00e1m<\/p>\n<p>P\u00e1n Je\u017ei\u0161!<span class=\"Apple-converted-space\">\u00a0 <\/span>Amen<\/p>\n<p>\u2014\u2014\u2014\u2014\u2014\u2014\u2014\u2014\u2014\u2014\u2014-<\/p>\n<p>Zhroma\u017e\u010f n\u00e1s, Bo\u017ee, svetom nerozosej,<\/p>\n<p>jak niekdy t\u00fdch u ve\u017ee babylonskej!<\/p>\n<p>Zhroma\u017e\u010f n\u00e1s v slove, ktor\u00e9 cestu stavia,<\/p>\n<p>po nej m\u00e1 kr\u00e1\u010da\u0165 k zemi Tvoja sl\u00e1va!<\/p>\n<p>Otepli srdcia, du\u0161e posil\u0148 vrel\u00e9,<\/p>\n<p>nech vzrast\u00e1me dnes v Tvojom sv\u00e4tom diele!<\/p>\n<p>Tak vykro\u010di\u0165 daj v \u00fastrety Ti, Pane,<\/p>\n<p>a jasa\u0165 s Tebou v l\u00e1ske zvrchovanej!<span class=\"Apple-converted-space\">\u00a0 <\/span>Amen<\/p>\n<p>\u2014\u2014\u2014\u2014\u2014\u2014\u2014\u2014\u2014\u2014\u2014\u2014\u2014\u2014\u2014\u2014\u2014\u2014\u2014\u2014-<\/p>\n<p><b>Iz 62, 10 &#8211; 11<\/b><\/p>\n<p>U\u017e Spasite\u013e n\u00e1\u0161 bl\u00ed\u017ei sa &#8211;<\/p>\n<p>\u00f3, pripravme Mu cestu,<\/p>\n<p>nech pr\u00edde k n\u00e1m a vedie n\u00e1s<\/p>\n<p>ta, k nebesk\u00e9mu mestu.<\/p>\n<p>Neob\u00ed\u010f\u017ee n\u00e1s, nebies Hos\u0165<\/p>\n<p>a sklo\u0148 sa k svojmu \u013eudu\u2026<\/p>\n<p>A \u017eehnaj n\u00e1m, \u00f3, po\u017eehnaj<\/p>\n<p>potechy, \u0161\u0165astia k\u013eudu!<span class=\"Apple-converted-space\">\u00a0 <\/span>Amen<\/p>\n<p>\u2014\u2014\u2014\u2014\u2014\u2014\u2014\u2014\u2014\u2014\u2014\u2014\u2014\u2014\u2014\u2014\u2014\u2014\u2014-<\/p>\n<p>Sme Tvojim dielom &#8211;<\/p>\n<p>odmena<\/p>\n<p>spasenia i n\u00e1m<\/p>\n<p>s\u013e\u00faben\u00e1\u2026<\/p>\n<p>\u00d3, Kriste, zost\u00fap<\/p>\n<p>z v\u00fdsosti<\/p>\n<p>a pravdou \u013eud svoj<\/p>\n<p>uhosti!<span class=\"Apple-converted-space\">\u00a0 <\/span>Amen<\/p>\n","protected":false},"excerpt":{"rendered":"<p>Martin R\u00e1zus: Susp\u00edri\u00e1 k \u0161tvrtej adventnej nedeli Mt 6, 6 V tichu\u010dk\u00e9 dni, ke\u010f zima vonku, \u017eehnaj n\u00e1m, Bo\u017ee, v na\u0161om domku, vypo\u010duj, \u010do pre Teba zn\u00e1\u0161a ustarosten\u00e1 du\u0161a na\u0161a! T\u00e1 Tvoja l\u00e1ska nech n\u00e1s hreje, rozpt\u00fdli temno bezn\u00e1deje, vyjasn\u00ed \u010delo, zdr\u017e\u00ed v cnosti, ke\u010f predo dvermi \u010das radosti.\u00a0 Amen \u2014\u2014\u2014\u2014\u2014\u2014\u2014\u2014\u2014\u2014\u2014\u2014\u2014\u2014\u2014- Byt m\u00f4j nech\u017ee i &#8230; <a title=\"Martin R\u00e1zus: Susp\u00edri\u00e1 k \u0161tvrtej adventnej nedeli\" class=\"read-more\" href=\"https:\/\/www.e-anjelik.sk\/index.php\/2018\/12\/22\/martin-razus-suspiria-k-stvrtej-adventnej-nedeli\/\" aria-label=\"Pre\u010d\u00edtajte si viac o Martin R\u00e1zus: Susp\u00edri\u00e1 k \u0161tvrtej adventnej nedeli\">\u010c\u00edta\u0165 viac<\/a><\/p>\n","protected":false},"author":4,"featured_media":0,"comment_status":"open","ping_status":"open","sticky":false,"template":"","format":"standard","meta":{"footnotes":""},"categories":[179,180,22,370],"tags":[],"class_list":["post-32100","post","type-post","status-publish","format-standard","hentry","category-advent","category-advent-basne","category-evanjelicka-identita","category-modlitby-adventne"],"_links":{"self":[{"href":"https:\/\/www.e-anjelik.sk\/index.php\/wp-json\/wp\/v2\/posts\/32100","targetHints":{"allow":["GET"]}}],"collection":[{"href":"https:\/\/www.e-anjelik.sk\/index.php\/wp-json\/wp\/v2\/posts"}],"about":[{"href":"https:\/\/www.e-anjelik.sk\/index.php\/wp-json\/wp\/v2\/types\/post"}],"author":[{"embeddable":true,"href":"https:\/\/www.e-anjelik.sk\/index.php\/wp-json\/wp\/v2\/users\/4"}],"replies":[{"embeddable":true,"href":"https:\/\/www.e-anjelik.sk\/index.php\/wp-json\/wp\/v2\/comments?post=32100"}],"version-history":[{"count":1,"href":"https:\/\/www.e-anjelik.sk\/index.php\/wp-json\/wp\/v2\/posts\/32100\/revisions"}],"predecessor-version":[{"id":32101,"href":"https:\/\/www.e-anjelik.sk\/index.php\/wp-json\/wp\/v2\/posts\/32100\/revisions\/32101"}],"wp:attachment":[{"href":"https:\/\/www.e-anjelik.sk\/index.php\/wp-json\/wp\/v2\/media?parent=32100"}],"wp:term":[{"taxonomy":"category","embeddable":true,"href":"https:\/\/www.e-anjelik.sk\/index.php\/wp-json\/wp\/v2\/categories?post=32100"},{"taxonomy":"post_tag","embeddable":true,"href":"https:\/\/www.e-anjelik.sk\/index.php\/wp-json\/wp\/v2\/tags?post=32100"}],"curies":[{"name":"wp","href":"https:\/\/api.w.org\/{rel}","templated":true}]}}