{"id":32116,"date":"2018-12-25T17:49:12","date_gmt":"2018-12-25T16:49:12","guid":{"rendered":"http:\/\/e-anjelik.sk\/?p=32116"},"modified":"2018-12-30T11:22:26","modified_gmt":"2018-12-30T10:22:26","slug":"preco-svatime-vianoce","status":"publish","type":"post","link":"https:\/\/www.e-anjelik.sk\/index.php\/2018\/12\/25\/preco-svatime-vianoce\/","title":{"rendered":"Pre\u010do sv\u00e4t\u00edme Vianoce?"},"content":{"rendered":"<p>T\u00fato zvl\u00e1\u0161tnu ot\u00e1zku si v\u00e4\u010d\u0161ina \u013eud\u00ed nikdy nepolo\u017eila. Ale&nbsp;mo\u017eno niektor\u00ed nad \u0148ou u\u017e uva\u017eovali. Dr. M. Luther v&nbsp;jednej zo svojich k\u00e1zn\u00ed povedal: \u201e Zachov\u00e1vame P\u00e1nov de\u0148, Vianoce, Ve\u013ek\u00fa noc \u010di in\u00e9 sviatky sp\u00f4sobom, ktor\u00fd je \u00faplne slobodn\u00fd. Nezotro\u010dujeme svedomie dodr\u017eiavan\u00edm t\u00fdchto sviatkov. Ani neu\u010d\u00edme, ako falo\u0161n\u00ed apo\u0161tolovia u\u010dili a&nbsp;ako u\u010dia p\u00e1pe\u017eenci, \u017ee tieto sviatky s\u00fa nevyhnutn\u00e9 pre ospravedlnenie. Alebo, \u017ee m\u00f4\u017eeme urobi\u0165 zados\u0165u\u010dinenie pre hriechy prostredn\u00edctvom sviatkov. Ale v\u00fdznam sviatkov je, aby sa v&nbsp;cirkvi dialo v\u0161etko v&nbsp;poriadku a&nbsp;bez zm\u00e4tkov. Zov\u0148aj\u0161\u00ed poriadok a&nbsp;harm\u00f3nia nem\u00f4\u017eu by\u0165 naru\u0161ovan\u00e9. Preto\u017ee v&nbsp;duchu m\u00e1me in\u00fd druh harm\u00f3nie a&nbsp;poriadku.\u201c<\/p>\n<p>&nbsp;<\/p>\n<p>Pokoj V\u00e1m!!<\/p>\n","protected":false},"excerpt":{"rendered":"<p>T\u00fato zvl\u00e1\u0161tnu ot\u00e1zku si v\u00e4\u010d\u0161ina \u013eud\u00ed nikdy nepolo\u017eila. Ale&nbsp;mo\u017eno niektor\u00ed nad \u0148ou u\u017e uva\u017eovali. Dr. M. Luther v&nbsp;jednej zo svojich k\u00e1zn\u00ed povedal: \u201e Zachov\u00e1vame P\u00e1nov de\u0148, Vianoce, Ve\u013ek\u00fa noc \u010di in\u00e9 sviatky sp\u00f4sobom, ktor\u00fd je \u00faplne slobodn\u00fd. Nezotro\u010dujeme svedomie dodr\u017eiavan\u00edm t\u00fdchto sviatkov. Ani neu\u010d\u00edme, ako falo\u0161n\u00ed apo\u0161tolovia u\u010dili a&nbsp;ako u\u010dia p\u00e1pe\u017eenci, \u017ee tieto sviatky s\u00fa &#8230; <a title=\"Pre\u010do sv\u00e4t\u00edme Vianoce?\" class=\"read-more\" href=\"https:\/\/www.e-anjelik.sk\/index.php\/2018\/12\/25\/preco-svatime-vianoce\/\" aria-label=\"Pre\u010d\u00edtajte si viac o Pre\u010do sv\u00e4t\u00edme Vianoce?\">\u010c\u00edta\u0165 viac<\/a><\/p>\n","protected":false},"author":3,"featured_media":0,"comment_status":"open","ping_status":"open","sticky":false,"template":"","format":"standard","meta":{"footnotes":""},"categories":[159],"tags":[],"class_list":["post-32116","post","type-post","status-publish","format-standard","hentry","category-vianoce"],"_links":{"self":[{"href":"https:\/\/www.e-anjelik.sk\/index.php\/wp-json\/wp\/v2\/posts\/32116","targetHints":{"allow":["GET"]}}],"collection":[{"href":"https:\/\/www.e-anjelik.sk\/index.php\/wp-json\/wp\/v2\/posts"}],"about":[{"href":"https:\/\/www.e-anjelik.sk\/index.php\/wp-json\/wp\/v2\/types\/post"}],"author":[{"embeddable":true,"href":"https:\/\/www.e-anjelik.sk\/index.php\/wp-json\/wp\/v2\/users\/3"}],"replies":[{"embeddable":true,"href":"https:\/\/www.e-anjelik.sk\/index.php\/wp-json\/wp\/v2\/comments?post=32116"}],"version-history":[{"count":2,"href":"https:\/\/www.e-anjelik.sk\/index.php\/wp-json\/wp\/v2\/posts\/32116\/revisions"}],"predecessor-version":[{"id":32141,"href":"https:\/\/www.e-anjelik.sk\/index.php\/wp-json\/wp\/v2\/posts\/32116\/revisions\/32141"}],"wp:attachment":[{"href":"https:\/\/www.e-anjelik.sk\/index.php\/wp-json\/wp\/v2\/media?parent=32116"}],"wp:term":[{"taxonomy":"category","embeddable":true,"href":"https:\/\/www.e-anjelik.sk\/index.php\/wp-json\/wp\/v2\/categories?post=32116"},{"taxonomy":"post_tag","embeddable":true,"href":"https:\/\/www.e-anjelik.sk\/index.php\/wp-json\/wp\/v2\/tags?post=32116"}],"curies":[{"name":"wp","href":"https:\/\/api.w.org\/{rel}","templated":true}]}}