{"id":3212,"date":"2010-11-30T09:38:47","date_gmt":"2010-11-30T09:38:47","guid":{"rendered":"http:\/\/e-anjelik.sk\/?p=3212"},"modified":"2010-11-30T09:38:47","modified_gmt":"2010-11-30T09:38:47","slug":"kralovsky-dar-pre-deti-v-nudzi","status":"publish","type":"post","link":"https:\/\/www.e-anjelik.sk\/index.php\/2010\/11\/30\/kralovsky-dar-pre-deti-v-nudzi\/","title":{"rendered":"Kr\u00e1\u013eovsk\u00fd dar pre deti v n\u00fadzi"},"content":{"rendered":"<p>Po\u010das slu\u017eieb Bo\u017e&iacute;ch na 1. adventn&uacute; nede\u013eu t.r. v Z&aacute;mockom chr&aacute;me v &Scaron;tokholme odovzdala symbolicky kr&aacute;\u013eovn&aacute; Silvia finan\u010dn&yacute; dar v sume 100 tis&iacute;c &scaron;v. kor&uacute;n spr&aacute;vcovi pomoci &Scaron;v&eacute;dskej cirkvi Christerovi Akessonovi. Tieto peniaze sa z&iacute;skali za predaj modlitebnej kni\u017eky, ktor&uacute; vlani vydala kr&aacute;\u013eovn&aacute; Silvia v n&aacute;klade 10 tis&iacute;c exempl&aacute;rov a ur\u010dila, \u017ee z ka\u017edej predanej knihy desa\u0165 kor&uacute;n p&ocirc;jde na medzin&aacute;rodn&uacute; pomoc &Scaron;v&eacute;dskej cirkvi. Peniaze p&ocirc;jdu na dva projekty: 50 tis&iacute;c na intern&aacute;t nepo\u010duj&uacute;cich det&iacute; v Eti&oacute;pii a druh&aacute; polovica na pr&aacute;cu &Scaron;v. cirkvi s de\u0165mi a mlad&yacute;mi z braz&iacute;lskych slumov.<\/p>\n<p>(<a href=\"http:\/\/www.svenskakyrkan.se\">www.svenskakyrkan.se<\/a>)<\/p>\n","protected":false},"excerpt":{"rendered":"<p>Po\u010das slu\u017eieb Bo\u017e&iacute;ch na 1. adventn&uacute; nede\u013eu t.r. v Z&aacute;mockom chr&aacute;me v &Scaron;tokholme odovzdala symbolicky kr&aacute;\u013eovn&aacute; Silvia finan\u010dn&yacute; dar v sume 100 tis&iacute;c &scaron;v. kor&uacute;n spr&aacute;vcovi pomoci &Scaron;v&eacute;dskej cirkvi Christerovi Akessonovi. Tieto peniaze sa z&iacute;skali za predaj modlitebnej kni\u017eky, ktor&uacute; vlani vydala kr&aacute;\u013eovn&aacute; Silvia v n&aacute;klade 10 tis&iacute;c exempl&aacute;rov a ur\u010dila, \u017ee z ka\u017edej predanej &#8230; <a title=\"Kr\u00e1\u013eovsk\u00fd dar pre deti v n\u00fadzi\" class=\"read-more\" href=\"https:\/\/www.e-anjelik.sk\/index.php\/2010\/11\/30\/kralovsky-dar-pre-deti-v-nudzi\/\" aria-label=\"Pre\u010d\u00edtajte si viac o Kr\u00e1\u013eovsk\u00fd dar pre deti v n\u00fadzi\">\u010c\u00edta\u0165 viac<\/a><\/p>\n","protected":false},"author":22,"featured_media":0,"comment_status":"open","ping_status":"open","sticky":false,"template":"","format":"standard","meta":{"footnotes":""},"categories":[42,10],"tags":[221],"class_list":["post-3212","post","type-post","status-publish","format-standard","hentry","category-skandinavia","category-zo-sveta","tag-diakonia"],"_links":{"self":[{"href":"https:\/\/www.e-anjelik.sk\/index.php\/wp-json\/wp\/v2\/posts\/3212","targetHints":{"allow":["GET"]}}],"collection":[{"href":"https:\/\/www.e-anjelik.sk\/index.php\/wp-json\/wp\/v2\/posts"}],"about":[{"href":"https:\/\/www.e-anjelik.sk\/index.php\/wp-json\/wp\/v2\/types\/post"}],"author":[{"embeddable":true,"href":"https:\/\/www.e-anjelik.sk\/index.php\/wp-json\/wp\/v2\/users\/22"}],"replies":[{"embeddable":true,"href":"https:\/\/www.e-anjelik.sk\/index.php\/wp-json\/wp\/v2\/comments?post=3212"}],"version-history":[{"count":0,"href":"https:\/\/www.e-anjelik.sk\/index.php\/wp-json\/wp\/v2\/posts\/3212\/revisions"}],"wp:attachment":[{"href":"https:\/\/www.e-anjelik.sk\/index.php\/wp-json\/wp\/v2\/media?parent=3212"}],"wp:term":[{"taxonomy":"category","embeddable":true,"href":"https:\/\/www.e-anjelik.sk\/index.php\/wp-json\/wp\/v2\/categories?post=3212"},{"taxonomy":"post_tag","embeddable":true,"href":"https:\/\/www.e-anjelik.sk\/index.php\/wp-json\/wp\/v2\/tags?post=3212"}],"curies":[{"name":"wp","href":"https:\/\/api.w.org\/{rel}","templated":true}]}}