{"id":3213,"date":"2010-11-30T09:52:03","date_gmt":"2010-11-30T09:52:03","guid":{"rendered":"http:\/\/e-anjelik.sk\/?p=3213"},"modified":"2010-11-30T09:52:03","modified_gmt":"2010-11-30T09:52:03","slug":"svedska-cirkev-pomaha-ubiedenym-zenam-sveta","status":"publish","type":"post","link":"https:\/\/www.e-anjelik.sk\/index.php\/2010\/11\/30\/svedska-cirkev-pomaha-ubiedenym-zenam-sveta\/","title":{"rendered":"\u0160v\u00e9dska cirkev pom\u00e1ha ubieden\u00fdm \u017een\u00e1m sveta"},"content":{"rendered":"<p>Medzin&aacute;rodn&aacute; pomoc &Scaron;v&eacute;dskej cirkvi si dala odv&aacute;\u017eny pl&aacute;n: vyzbiera\u0165 od 1. adventnej nedele t.r. do sviatku Zjavenia P&aacute;na 40 mili&oacute;nov &scaron;v. kor&uacute;n vo viano\u010dnej charitat&iacute;vnej akcii &quot; Teraz sa rozsvietia tis&iacute;cky viano\u010dn&yacute;ch svetiel. &quot; Vyzbieran&eacute; peniaze p&ocirc;jdu na pomoc ohrozen&yacute;m \u017een&aacute;m vo svete, ktor&eacute; trpia a \u017eij&uacute; v neistote a biede. Cirkev t&uacute;to pomoc rob&iacute; v spolupr&aacute;ci s medzin&aacute;rdnou organiz&aacute;ciou ACT .T&aacute;to aliancia m&aacute; vo vy&scaron;e 130 krajin&aacute;ch sveta do 30 tis&iacute;c zamestnancov a dobrovo\u013en&iacute;kov.<\/p>\n<p>(<a href=\"http:\/\/www.svenskakyrkan.se\">www.svenskakyrkan.se<\/a>)<\/p>\n","protected":false},"excerpt":{"rendered":"<p>Medzin&aacute;rodn&aacute; pomoc &Scaron;v&eacute;dskej cirkvi si dala odv&aacute;\u017eny pl&aacute;n: vyzbiera\u0165 od 1. adventnej nedele t.r. do sviatku Zjavenia P&aacute;na 40 mili&oacute;nov &scaron;v. kor&uacute;n vo viano\u010dnej charitat&iacute;vnej akcii &quot; Teraz sa rozsvietia tis&iacute;cky viano\u010dn&yacute;ch svetiel. &quot; Vyzbieran&eacute; peniaze p&ocirc;jdu na pomoc ohrozen&yacute;m \u017een&aacute;m vo svete, ktor&eacute; trpia a \u017eij&uacute; v neistote a biede. Cirkev t&uacute;to pomoc rob&iacute; &#8230; <a title=\"\u0160v\u00e9dska cirkev pom\u00e1ha ubieden\u00fdm \u017een\u00e1m sveta\" class=\"read-more\" href=\"https:\/\/www.e-anjelik.sk\/index.php\/2010\/11\/30\/svedska-cirkev-pomaha-ubiedenym-zenam-sveta\/\" aria-label=\"Pre\u010d\u00edtajte si viac o \u0160v\u00e9dska cirkev pom\u00e1ha ubieden\u00fdm \u017een\u00e1m sveta\">\u010c\u00edta\u0165 viac<\/a><\/p>\n","protected":false},"author":22,"featured_media":0,"comment_status":"open","ping_status":"open","sticky":false,"template":"","format":"standard","meta":{"footnotes":""},"categories":[1],"tags":[221],"class_list":["post-3213","post","type-post","status-publish","format-standard","hentry","category-adventna-modlitba","tag-diakonia"],"_links":{"self":[{"href":"https:\/\/www.e-anjelik.sk\/index.php\/wp-json\/wp\/v2\/posts\/3213","targetHints":{"allow":["GET"]}}],"collection":[{"href":"https:\/\/www.e-anjelik.sk\/index.php\/wp-json\/wp\/v2\/posts"}],"about":[{"href":"https:\/\/www.e-anjelik.sk\/index.php\/wp-json\/wp\/v2\/types\/post"}],"author":[{"embeddable":true,"href":"https:\/\/www.e-anjelik.sk\/index.php\/wp-json\/wp\/v2\/users\/22"}],"replies":[{"embeddable":true,"href":"https:\/\/www.e-anjelik.sk\/index.php\/wp-json\/wp\/v2\/comments?post=3213"}],"version-history":[{"count":0,"href":"https:\/\/www.e-anjelik.sk\/index.php\/wp-json\/wp\/v2\/posts\/3213\/revisions"}],"wp:attachment":[{"href":"https:\/\/www.e-anjelik.sk\/index.php\/wp-json\/wp\/v2\/media?parent=3213"}],"wp:term":[{"taxonomy":"category","embeddable":true,"href":"https:\/\/www.e-anjelik.sk\/index.php\/wp-json\/wp\/v2\/categories?post=3213"},{"taxonomy":"post_tag","embeddable":true,"href":"https:\/\/www.e-anjelik.sk\/index.php\/wp-json\/wp\/v2\/tags?post=3213"}],"curies":[{"name":"wp","href":"https:\/\/api.w.org\/{rel}","templated":true}]}}