{"id":32147,"date":"2018-12-31T15:04:08","date_gmt":"2018-12-31T14:04:08","guid":{"rendered":"http:\/\/e-anjelik.sk\/?p=32147"},"modified":"2018-12-31T15:04:08","modified_gmt":"2018-12-31T14:04:08","slug":"martin-razus-suspiria-k-novemu-roku","status":"publish","type":"post","link":"https:\/\/www.e-anjelik.sk\/index.php\/2018\/12\/31\/martin-razus-suspiria-k-novemu-roku\/","title":{"rendered":"Martin R\u00e1zus: Susp\u00edri\u00e1 k nov\u00e9mu roku"},"content":{"rendered":"<p><b>Martin R\u00e1zus: Susp\u00edri\u00e1 k nov\u00e9mu roku:<\/b><\/p>\n<p><b>Mt 12, 46 &#8211; 50<\/b><\/p>\n<p>V mene Tvojom, Synu Bo\u017e\u00ed,<\/p>\n<p>v tomto na\u0161om milom chr\u00e1me<\/p>\n<p>dnes rok nov\u00fd otv\u00e1rame.<\/p>\n<p>\u00d3, praj, nech \u013eud n\u00e1dej zlo\u017e\u00ed<\/p>\n<p>v Tvoju l\u00e1sku, v milos\u0165 Tvoju &#8211;<\/p>\n<p>d\u00f4js\u0165 k radosti, d\u00f4js\u0165 k pokoju..<\/p>\n<p>Posilni n\u00e1s, \u017eehnaj slovom<\/p>\n<p><span class=\"Apple-converted-space\">\u00a0<\/span>a ve\u010f k \u0161\u0165astiu v rou novom!<span class=\"Apple-converted-space\">\u00a0 <\/span>Amen<\/p>\n<p>\u2014\u2014\u2014\u2014\u2014\u2014\u2014\u2014\u2014\u2014\u2014\u2014\u2014\u2014\u2014\u2014<\/p>\n<p>Jedna krv a jedna kos\u0165,<\/p>\n<p>jedna v\u00f4\u013ea pre rados\u0165 &#8211;<\/p>\n<p>pr\u00edjm n\u00e1s, Kriste jedin\u00fd,<\/p>\n<p>do tej svojej rodiny\u2026<\/p>\n<p>Vedno v pr\u00e1ci chceme vpred &#8211;<\/p>\n<p>zvl\u00e1da\u0165 hriech i tento svet,<\/p>\n<p>vedno v \u010dasoch potreby,<\/p>\n<p>vedno v sl\u00e1ve na nebi!<span class=\"Apple-converted-space\">\u00a0 <\/span>Amen<\/p>\n<p>&nbsp;<\/p>\n<p><b>Lk 2, 21:<\/b><\/p>\n<p>Pane Bo\u017ee n\u00e1\u0161, k Tebe vol\u00e1me,<\/p>\n<p>ke\u010f sa rok nov\u00fd za\u010d\u00edna<span class=\"Apple-converted-space\">\u00a0 <\/span>&#8211;<\/p>\n<p>od Teba \u010dak\u00e1 nov\u00e9 poslanie<\/p>\n<p>str\u00e1pen\u00e1 na\u0161a rodina\u2026<\/p>\n<p>Ty sa n\u00e1s ujmi, Ty sa n\u00e1s zasta\u0148,<\/p>\n<p>vyslobo\u010f z bied a \u0165a\u017ekost\u00ed,<\/p>\n<p>ve\u010f Tys\u2019 n\u00e1\u0161 Vodca, Radca a n\u00e1\u0161 P\u00e1n &#8211;<\/p>\n<p>po\u017eehnaj vern\u00fdm z milosti!<span class=\"Apple-converted-space\">\u00a0 <\/span>Amen<\/p>\n<p>\u2014\u2014\u2014\u2014\u2014\u2014\u2014\u2014\u2014\u2014\u2014\u2014\u2014\u2014\u2014<\/p>\n<p>S Tebou, Pane Je\u017ei\u0161i,<\/p>\n<p>pastieru n\u00e1\u0161 drah\u00fd,<\/p>\n<p>chceme kr\u00e1\u010da\u0165, posv\u00e4tiac<\/p>\n<p>Tebe srdca snahy.<\/p>\n<p>S Tebou\u2026 lebo vieme, ke\u010f<\/p>\n<p>p\u00f4jde\u0161 n\u00e1m po boku,<\/p>\n<p>nem\u00e1me sa \u010doho b\u00e1\u0165<\/p>\n<p>v tomto novom roku!<span class=\"Apple-converted-space\">\u00a0 <\/span>Amen<\/p>\n<p>\u2014\u2014\u2014\u2014\u2014\u2014\u2014\u2014\u2014\u2014\u2014\u2014<\/p>\n<p>Za pokrm, n\u00e1poj &#8211; v\u0161etko, Pane,<\/p>\n<p>v \u010dom Tvoje sv\u00e4t\u00e9 po\u017eehnanie,<\/p>\n<p>v\u010faka Ti,<\/p>\n<p>n\u00e1\u0161 Bo\u017ee v daroch bohat\u00fd!<\/p>\n<p>A pros\u00edme, r\u00e1\u010d da\u0165 i slova,<\/p>\n<p>\u010do novou silou du\u0161u chov\u00e1 &#8211;<\/p>\n<p>zdvihni n\u00e1s,<\/p>\n<p>ve\u010f v roku novom &#8211; a n\u00e1s spas!<span class=\"Apple-converted-space\">\u00a0 <\/span>Amen<\/p>\n<p>&nbsp;<\/p>\n<p><b>R 8, 31 &#8211; 32:<\/b><\/p>\n<p>Kto proti n\u00e1m, ke\u010f\u015b<span class=\"Apple-converted-space\">\u00a0 <\/span>s nami Ty,<\/p>\n<p>\u00f3, drah\u00fd Mesi\u00e1\u0161?<\/p>\n<p>N\u00edm ka\u017ed\u00fd n\u00e1pad odbit\u00fd,<\/p>\n<p>\u010do mieri v du\u0161u na\u0161u.<\/p>\n<p>\u00d3, Pane Kriste s nami bu\u010f<\/p>\n<p>a pom\u00e1haj n\u00e1m v boji\u2026<\/p>\n<p>Kto proti n\u00e1m, ke\u010f Ty si n\u00e1\u0161<\/p>\n<p>a my zas ve\u010dne Tvoji?<span class=\"Apple-converted-space\">\u00a0 <\/span>Amen<\/p>\n<p>&nbsp;<\/p>\n<p><b>G 3, 32 &#8211; 29:<\/b><\/p>\n<p>S nov\u00fdm r\u00e1nom &#8211; nov\u00fd rok.<\/p>\n<p>Bo\u017ee dobr\u00fd, Bo\u017ee mil\u00fd,<\/p>\n<p>po\u017eehnaj n\u00e1\u0161 ka\u017ed\u00fd krok,<\/p>\n<p>ude\u013e viery, ude\u013e sily,<\/p>\n<p>by sme Teba &#8211; ve\u013ek\u00ed, mal\u00ed &#8211;<span class=\"Apple-converted-space\">\u00a0<\/span><\/p>\n<p>uctili a posl\u00fachali,<\/p>\n<p>a tak mali v hojnosti<\/p>\n<p>-telom zdrav\u00ed, duchom svie\u017ei &#8211;<span class=\"Apple-converted-space\">\u00a0<\/span><\/p>\n<p>to, \u010do k \u017eitiu prin\u00e1le\u017e\u00ed z l\u00e1sky Tvojej<\/p>\n<p>\u0161tedrosti.<span class=\"Apple-converted-space\">\u00a0 <\/span>Amen<\/p>\n<p>\u2014\u2014\u2014\u2014\u2014\u2014\u2014\u2014\u2014\u2014\u2014\u2014\u2014\u2014\u2014\u2014<\/p>\n<p>V novom roku, Bo\u017ee,<\/p>\n<p>tr\u00e1pi myse\u013e v\u0161ak\u00e1 &#8211;<\/p>\n<p>\u010do sa to len chyst\u00e1,<\/p>\n<p>\u010do n\u00e1s to len \u010dak\u00e1?<\/p>\n<p>Neopus\u0165 n\u00e1s, Pane,<span class=\"Apple-converted-space\">\u00a0<\/span><\/p>\n<p>\u017eehnaj n\u00e1\u0161mu kroku:<\/p>\n<p>v boji prevelikom<\/p>\n<p>bu\u010f n\u00e1m spomocn\u00edkom<\/p>\n<p>v tomto novom roku!<span class=\"Apple-converted-space\">\u00a0 <\/span>Amen<\/p>\n<p>\u2014\u2014\u2014\u2014\u2014\u2014\u2014\u2014\u2014\u2014\u2014\u2014\u2014\u2014\u2014<\/p>\n<p>Sme Tvoji, Kriste,<\/p>\n<p>i v novom roku &#8211;<\/p>\n<p>\u00f3, pom\u00e1haj n\u00e1m<\/p>\n<p>a \u017eehnaj n\u00e1\u0161mu kroku!<\/p>\n<p>Sme jedno v Tebe,<\/p>\n<p>len k n\u00e1m sa znaj &#8211;<\/p>\n<p>z dedi\u010dstva svojho<\/p>\n<p>n\u00e1m daj \u00a0&#8211; ach, daj !<span class=\"Apple-converted-space\">\u00a0 <\/span>Amen<\/p>\n","protected":false},"excerpt":{"rendered":"<p>Martin R\u00e1zus: Susp\u00edri\u00e1 k nov\u00e9mu roku: Mt 12, 46 &#8211; 50 V mene Tvojom, Synu Bo\u017e\u00ed, v tomto na\u0161om milom chr\u00e1me dnes rok nov\u00fd otv\u00e1rame. \u00d3, praj, nech \u013eud n\u00e1dej zlo\u017e\u00ed v Tvoju l\u00e1sku, v milos\u0165 Tvoju &#8211; d\u00f4js\u0165 k radosti, d\u00f4js\u0165 k pokoju.. Posilni n\u00e1s, \u017eehnaj slovom \u00a0a ve\u010f k \u0161\u0165astiu v rou novom!\u00a0 &#8230; <a title=\"Martin R\u00e1zus: Susp\u00edri\u00e1 k nov\u00e9mu roku\" class=\"read-more\" href=\"https:\/\/www.e-anjelik.sk\/index.php\/2018\/12\/31\/martin-razus-suspiria-k-novemu-roku\/\" aria-label=\"Pre\u010d\u00edtajte si viac o Martin R\u00e1zus: Susp\u00edri\u00e1 k nov\u00e9mu roku\">\u010c\u00edta\u0165 viac<\/a><\/p>\n","protected":false},"author":4,"featured_media":0,"comment_status":"open","ping_status":"open","sticky":false,"template":"","format":"standard","meta":{"footnotes":""},"categories":[15,14,165],"tags":[],"class_list":["post-32147","post","type-post","status-publish","format-standard","hentry","category-novy-rok","category-osobnosti","category-poezia-2"],"_links":{"self":[{"href":"https:\/\/www.e-anjelik.sk\/index.php\/wp-json\/wp\/v2\/posts\/32147","targetHints":{"allow":["GET"]}}],"collection":[{"href":"https:\/\/www.e-anjelik.sk\/index.php\/wp-json\/wp\/v2\/posts"}],"about":[{"href":"https:\/\/www.e-anjelik.sk\/index.php\/wp-json\/wp\/v2\/types\/post"}],"author":[{"embeddable":true,"href":"https:\/\/www.e-anjelik.sk\/index.php\/wp-json\/wp\/v2\/users\/4"}],"replies":[{"embeddable":true,"href":"https:\/\/www.e-anjelik.sk\/index.php\/wp-json\/wp\/v2\/comments?post=32147"}],"version-history":[{"count":1,"href":"https:\/\/www.e-anjelik.sk\/index.php\/wp-json\/wp\/v2\/posts\/32147\/revisions"}],"predecessor-version":[{"id":32148,"href":"https:\/\/www.e-anjelik.sk\/index.php\/wp-json\/wp\/v2\/posts\/32147\/revisions\/32148"}],"wp:attachment":[{"href":"https:\/\/www.e-anjelik.sk\/index.php\/wp-json\/wp\/v2\/media?parent=32147"}],"wp:term":[{"taxonomy":"category","embeddable":true,"href":"https:\/\/www.e-anjelik.sk\/index.php\/wp-json\/wp\/v2\/categories?post=32147"},{"taxonomy":"post_tag","embeddable":true,"href":"https:\/\/www.e-anjelik.sk\/index.php\/wp-json\/wp\/v2\/tags?post=32147"}],"curies":[{"name":"wp","href":"https:\/\/api.w.org\/{rel}","templated":true}]}}