{"id":3216,"date":"2010-11-30T12:10:05","date_gmt":"2010-11-30T12:10:05","guid":{"rendered":"http:\/\/e-anjelik.sk\/?p=3216"},"modified":"2010-11-30T12:10:05","modified_gmt":"2010-11-30T12:10:05","slug":"novy-evanjelicky-biskup-v-rumunsku","status":"publish","type":"post","link":"https:\/\/www.e-anjelik.sk\/index.php\/2010\/11\/30\/novy-evanjelicky-biskup-v-rumunsku\/","title":{"rendered":"Nov\u00fd evanjelick\u00fd biskup v Rumunsku"},"content":{"rendered":"<p>27. novembra t.r. zvolili za nov&eacute;ho biskupa Evanjelickej cirkvi a.v.&nbsp;v Rumunsku dekana Reinharta Guiba. Guib sa narodil v r. 1962, teol&oacute;giu vy&scaron;tudoval v Sibiu, bol vik&aacute;rom, far&aacute;rom a dekanom. Zalo\u017eil a viedol Spolok GA v Rumunsku. R. 2007 bol zvolen&yacute; za biskupsk&eacute;ho vik&aacute;ra. Je \u017eenat&yacute; a m&aacute; tri deti. Jeho in&scaron;tal&aacute;cia bude v 3. adventn&uacute; nede\u013eu v Mestskom farskom chr&aacute;me v Sibiu.&nbsp;<\/p>\n<p>(<a href=\"http:\/\/www.gustav-adolf-werk.de\">www.gustav-adolf-werk.de<\/a>)&nbsp;<\/p>\n","protected":false},"excerpt":{"rendered":"<p>27. novembra t.r. zvolili za nov&eacute;ho biskupa Evanjelickej cirkvi a.v.&nbsp;v Rumunsku dekana Reinharta Guiba. Guib sa narodil v r. 1962, teol&oacute;giu vy&scaron;tudoval v Sibiu, bol vik&aacute;rom, far&aacute;rom a dekanom. Zalo\u017eil a viedol Spolok GA v Rumunsku. R. 2007 bol zvolen&yacute; za biskupsk&eacute;ho vik&aacute;ra. Je \u017eenat&yacute; a m&aacute; tri deti. Jeho in&scaron;tal&aacute;cia bude v 3. adventn&uacute; &#8230; <a title=\"Nov\u00fd evanjelick\u00fd biskup v Rumunsku\" class=\"read-more\" href=\"https:\/\/www.e-anjelik.sk\/index.php\/2010\/11\/30\/novy-evanjelicky-biskup-v-rumunsku\/\" aria-label=\"Pre\u010d\u00edtajte si viac o Nov\u00fd evanjelick\u00fd biskup v Rumunsku\">\u010c\u00edta\u0165 viac<\/a><\/p>\n","protected":false},"author":22,"featured_media":0,"comment_status":"open","ping_status":"open","sticky":false,"template":"","format":"standard","meta":{"footnotes":""},"categories":[9,10],"tags":[],"class_list":["post-3216","post","type-post","status-publish","format-standard","hentry","category-europa","category-zo-sveta"],"_links":{"self":[{"href":"https:\/\/www.e-anjelik.sk\/index.php\/wp-json\/wp\/v2\/posts\/3216","targetHints":{"allow":["GET"]}}],"collection":[{"href":"https:\/\/www.e-anjelik.sk\/index.php\/wp-json\/wp\/v2\/posts"}],"about":[{"href":"https:\/\/www.e-anjelik.sk\/index.php\/wp-json\/wp\/v2\/types\/post"}],"author":[{"embeddable":true,"href":"https:\/\/www.e-anjelik.sk\/index.php\/wp-json\/wp\/v2\/users\/22"}],"replies":[{"embeddable":true,"href":"https:\/\/www.e-anjelik.sk\/index.php\/wp-json\/wp\/v2\/comments?post=3216"}],"version-history":[{"count":0,"href":"https:\/\/www.e-anjelik.sk\/index.php\/wp-json\/wp\/v2\/posts\/3216\/revisions"}],"wp:attachment":[{"href":"https:\/\/www.e-anjelik.sk\/index.php\/wp-json\/wp\/v2\/media?parent=3216"}],"wp:term":[{"taxonomy":"category","embeddable":true,"href":"https:\/\/www.e-anjelik.sk\/index.php\/wp-json\/wp\/v2\/categories?post=3216"},{"taxonomy":"post_tag","embeddable":true,"href":"https:\/\/www.e-anjelik.sk\/index.php\/wp-json\/wp\/v2\/tags?post=3216"}],"curies":[{"name":"wp","href":"https:\/\/api.w.org\/{rel}","templated":true}]}}