{"id":3217,"date":"2010-12-01T10:03:46","date_gmt":"2010-12-01T10:03:46","guid":{"rendered":"http:\/\/e-anjelik.sk\/?p=3217"},"modified":"2010-12-01T10:03:46","modified_gmt":"2010-12-01T10:03:46","slug":"modlitebny-maraton-lotysskych-luteranov","status":"publish","type":"post","link":"https:\/\/www.e-anjelik.sk\/index.php\/2010\/12\/01\/modlitebny-maraton-lotysskych-luteranov\/","title":{"rendered":"Modlitebn\u00fd marat\u00f3n loty\u0161sk\u00fdch luter\u00e1nov"},"content":{"rendered":"<p>25. synoda Loty&scaron;skej Evanjelicko-luter&aacute;nskej cirkvi sa bude kona\u0165 3. a 4. decembra t.r. Nako\u013eko na programe synody treba rie&scaron;i\u0165&nbsp; ve\u013emi d&ocirc;le\u017eit&eacute; ot&aacute;zky financovania cirkvi a k\u0148azov, rozpo\u010det, zmenu &uacute;stavy cirkvi a &uacute;lohu arcibiskupa Janisa Vanagsa v \u017eivote cirkvi a i. vedenie cirkvi a synody vyzvali jednotlivcov i v&scaron;etky cirkevn&eacute; zbory, aby 96 hod&iacute;n pred za\u010dat&iacute;m synody veriaci sa modlili sp&ocirc;sobom modlitebn&eacute;ho marat&oacute;nu za d&ocirc;stojn&yacute; priebeh jednania, za m&uacute;dros\u0165 zhora pri rozhodovan&iacute; o d&ocirc;le\u017eit&yacute;ch veciach, za zodpovednos\u0165 a spravodliv&eacute; a \u010destn&eacute;&nbsp;&nbsp;konanie, za vedenie Duchom Sv&auml;t&yacute;m.<\/p>\n<p>Ako sme u\u017e p&iacute;sali v inej spr&aacute;ve, arcibiskup J.Vanags str&aacute;vil 31 dn&iacute; v jednom katol&iacute;ckom stredisku pre medit&aacute;cie vo Ve\u013ekej Brit&aacute;nii. Hlavn&yacute;m probl&eacute;mom jeho osoby bola ot&aacute;zka, \u010di v s&uacute;vise so zasadnut&iacute;m 25. synody m&aacute; zotrva\u0165 v &uacute;rade alebo zlo\u017ei\u0165 &uacute;rad. Tento z&aacute;pas viedol na modlitb&aacute;ch a p&ocirc;ste , v klauzure . Na ot&aacute;zky novin&aacute;rov, pre\u010do &scaron;iel do katol&iacute;ckeho strediska, odpovedal, \u017ee \u017eia\u013e, nepozn&aacute; ani jedno luter&aacute;nske podobn&eacute; stredisko s duchovn&yacute;mi cvi\u010deniami v patri\u010dnej forme. Na \u010fal&scaron;iu ot&aacute;zku novin&aacute;rov, \u010di je pravda, \u017ee od jedn&eacute;ho cirkevn&eacute;ho zboru dostal do daru kus po\u013ea pod Rigou, odpovedal:&quot; Cirkevn&iacute;ci tohoto zboru boli ve\u013emi dobr&iacute; a chceli ma nejak&yacute;m sp&ocirc;sobom podpori\u0165 a fakticky rozhodli sa darova\u0165 mi t&uacute;to nehnute\u013enos\u0165. Na tomto svojom konan&iacute;&nbsp; nenach&aacute;dzam ni\u010d ods&uacute;deniahodn&yacute;m.&quot;<\/p>\n<p>(<a href=\"http:\/\/www.baznica.info\">www.baznica.info<\/a>)<\/p>\n","protected":false},"excerpt":{"rendered":"<p>25. synoda Loty&scaron;skej Evanjelicko-luter&aacute;nskej cirkvi sa bude kona\u0165 3. a 4. decembra t.r. Nako\u013eko na programe synody treba rie&scaron;i\u0165&nbsp; ve\u013emi d&ocirc;le\u017eit&eacute; ot&aacute;zky financovania cirkvi a k\u0148azov, rozpo\u010det, zmenu &uacute;stavy cirkvi a &uacute;lohu arcibiskupa Janisa Vanagsa v \u017eivote cirkvi a i. vedenie cirkvi a synody vyzvali jednotlivcov i v&scaron;etky cirkevn&eacute; zbory, aby 96 hod&iacute;n pred za\u010dat&iacute;m &#8230; <a title=\"Modlitebn\u00fd marat\u00f3n loty\u0161sk\u00fdch luter\u00e1nov\" class=\"read-more\" href=\"https:\/\/www.e-anjelik.sk\/index.php\/2010\/12\/01\/modlitebny-maraton-lotysskych-luteranov\/\" aria-label=\"Pre\u010d\u00edtajte si viac o Modlitebn\u00fd marat\u00f3n loty\u0161sk\u00fdch luter\u00e1nov\">\u010c\u00edta\u0165 viac<\/a><\/p>\n","protected":false},"author":22,"featured_media":0,"comment_status":"open","ping_status":"open","sticky":false,"template":"","format":"standard","meta":{"footnotes":""},"categories":[1,233],"tags":[],"class_list":["post-3217","post","type-post","status-publish","format-standard","hentry","category-adventna-modlitba","category-modlitby"],"_links":{"self":[{"href":"https:\/\/www.e-anjelik.sk\/index.php\/wp-json\/wp\/v2\/posts\/3217","targetHints":{"allow":["GET"]}}],"collection":[{"href":"https:\/\/www.e-anjelik.sk\/index.php\/wp-json\/wp\/v2\/posts"}],"about":[{"href":"https:\/\/www.e-anjelik.sk\/index.php\/wp-json\/wp\/v2\/types\/post"}],"author":[{"embeddable":true,"href":"https:\/\/www.e-anjelik.sk\/index.php\/wp-json\/wp\/v2\/users\/22"}],"replies":[{"embeddable":true,"href":"https:\/\/www.e-anjelik.sk\/index.php\/wp-json\/wp\/v2\/comments?post=3217"}],"version-history":[{"count":0,"href":"https:\/\/www.e-anjelik.sk\/index.php\/wp-json\/wp\/v2\/posts\/3217\/revisions"}],"wp:attachment":[{"href":"https:\/\/www.e-anjelik.sk\/index.php\/wp-json\/wp\/v2\/media?parent=3217"}],"wp:term":[{"taxonomy":"category","embeddable":true,"href":"https:\/\/www.e-anjelik.sk\/index.php\/wp-json\/wp\/v2\/categories?post=3217"},{"taxonomy":"post_tag","embeddable":true,"href":"https:\/\/www.e-anjelik.sk\/index.php\/wp-json\/wp\/v2\/tags?post=3217"}],"curies":[{"name":"wp","href":"https:\/\/api.w.org\/{rel}","templated":true}]}}