{"id":32174,"date":"2019-01-05T23:22:41","date_gmt":"2019-01-05T22:22:41","guid":{"rendered":"http:\/\/e-anjelik.sk\/?p=32174"},"modified":"2019-01-05T23:22:41","modified_gmt":"2019-01-05T22:22:41","slug":"martin-razus-suspiria-nedela-po-novom-roku","status":"publish","type":"post","link":"https:\/\/www.e-anjelik.sk\/index.php\/2019\/01\/05\/martin-razus-suspiria-nedela-po-novom-roku\/","title":{"rendered":"Martin R\u00e1zus: Susp\u00edri\u00e1 &#8211; Nede\u013ea po Novom roku"},"content":{"rendered":"<p><b>Martin R\u00e1zus: Susp\u00edri\u00e1 &#8211; Nede\u013ea po Novom roku<\/b><\/p>\n<p><b>Mt 2, 13, 23:<\/b><\/p>\n<p>\u00d3, Bo\u017ee, kam ruka<\/p>\n<p>Tvoja n\u00e1s sprevod\u00ed,<\/p>\n<p>popraj n\u00e1m ochrany,<\/p>\n<p>popraj n\u00e1m pohody.<\/p>\n<p>A ke\u010f n\u00e1s skorm\u00fati\u0161,<\/p>\n<p>\u017eia\u013e \u0165a\u017ek\u00fd odstra\u0148uj\u2026<\/p>\n<p>\u00d3, Bo\u017ee, v biedach \u013eud<\/p>\n<p>ochra\u0148uj, ochra\u0148uj!<span class=\"Apple-converted-space\">\u00a0 <\/span>Amen<\/p>\n<p>&nbsp;<\/p>\n<p><b>Mt 2, 13 &#8211; 18:<\/b><\/p>\n<p>V R\u00e1me je po\u010du\u0165 hlas: pla\u010d, kv\u00ed\u013e a nariekanie\u2026<\/p>\n<p>I v tento \u0165a\u017ek\u00fd \u010das,<\/p>\n<p>ke\u010f zas rok za\u010d\u00edname,<\/p>\n<p>a pla\u010de mnoh\u00e1 ma\u0165<\/p>\n<p>a kv\u00edli mnoh\u00e1 \u017eena &#8211;<\/p>\n<p>\u00f3, pomiluj n\u00e1s, Pane!<\/p>\n<p>A v tomto novom roku<\/p>\n<p>nech dos\u0165 u\u017e dopustenia. Amen<\/p>\n<p>\u2014\u2014\u2014\u2014\u2014\u2014\u2014\u2014\u2014\u2014\u2014\u2014\u2014\u2014-<\/p>\n<p>Ke\u010f zrieme vierou dnes<\/p>\n<p>ku v\u00fd\u0161in\u00e1m,<\/p>\n<p>\u00f3, Kriste, Pane n\u00e1\u0161, daj s\u00edl i n\u00e1m &#8211;<\/p>\n<p>v s\u00fa\u017een\u00ed nez\u00fafa\u0165,<\/p>\n<p>\u017eitiu sa pri\u00fa\u010da\u0165,<\/p>\n<p>Bohu sa por\u00fa\u010da\u0165 &#8211;<\/p>\n<p>tak s Tebou vznies\u0165 sa raz<\/p>\n<p>ku v\u00fd\u0161in\u00e1m!<span class=\"Apple-converted-space\">\u00a0 <\/span>Amen<\/p>\n<p>&nbsp;<\/p>\n<p><b>Mt 2, 14 &#8211; 15:<\/b><\/p>\n<p>\u010co \u017ei\u0165 m\u00e1 Tebe k oslave,<\/p>\n<p>Ty, Bo\u017ee, ochr\u00e1ni\u0161.<\/p>\n<p>\u00d3, ochr\u00e1\u0148 i n\u00e1s, Pane n\u00e1\u0161,<\/p>\n<p>ve\u010f v b\u00farach v ist\u00fa skr\u00fd\u0161!<\/p>\n<p>A ke\u010f sa slnko zajas\u00e1,<\/p>\n<p>kvet vzk\u00ed\u010di zo zeme,<\/p>\n<p>vr\u00e1\u0165 n\u00e1s, \u00f3, vr\u00e1\u0165 n\u00e1s \u017eivotu &#8211;<\/p>\n<p>sl\u00fa\u017ei\u0165 Ti budeme!<span class=\"Apple-converted-space\">\u00a0 <\/span>Amen<\/p>\n<p>\u2014\u2014\u2014\u2014\u2014\u2014\u2014\u2014\u2014\u2014\u2014\u2014\u2014<\/p>\n<p>Tys&#8216; v\u0161ade, Bo\u017ee, v\u0161ade si<\/p>\n<p>pod vysok\u00fdmi nebesy,<\/p>\n<p>a Tvoja l\u00e1ska v\u0161ade je,<\/p>\n<p>kde jesto viery, n\u00e1deje.<\/p>\n<p>Kam uprav\u00ed\u0161 t\u00fa na\u0161u p\u00fa\u0165,<\/p>\n<p>len Otcom bu\u010f, v\u017edy Otcom bu\u010f;<\/p>\n<p>ke\u010f z \u010dasnosti n\u00e1s odvol\u00e1\u0161,<\/p>\n<p>len osta\u0148, osta\u0148 &#8211; Ot\u010de n\u00e1\u0161!<span class=\"Apple-converted-space\">\u00a0 <\/span>Amen<\/p>\n<p>&nbsp;<\/p>\n<p><b>1 Pt 4, 12 &#8211; 19:<\/b><\/p>\n<p>Ak\u017ee tu trp\u00edme,<\/p>\n<p>Kriste n\u00e1\u0161 jedin\u00fd,<\/p>\n<p>daj trpie\u0165 pre pravdu,<\/p>\n<p>daj trpie\u0165 bez viny!<\/p>\n<p>Od Teba tichosti,<\/p>\n<p>l\u00e1sky sa pri\u00fa\u010da\u0165<\/p>\n<p>a ducha por\u00fa\u010da\u0165 &#8211;<\/p>\n<p>len Tebe por\u00fa\u010da\u0165!<span class=\"Apple-converted-space\">\u00a0 <\/span>Amen<\/p>\n<p>&nbsp;<\/p>\n<p><b>1 Pt 4, 12 &#8211; 16:<\/b><\/p>\n<p>Ke\u010f ohe\u0148 sk\u00fa\u0161a<\/p>\n<p>zlovestne<\/p>\n<p>a trp\u00ed du\u0161a<\/p>\n<p>bolestne &#8211;<\/p>\n<p>\u00f3, Pane, v takom okam\u017een\u00ed<\/p>\n<p>daj sily, \u010do t\u00fa boles\u0165 zmen\u00ed &#8211;<\/p>\n<p>sily daj<\/p>\n<p>a v utrpen\u00ed pom\u00e1haj!<span class=\"Apple-converted-space\">\u00a0 <\/span>Amen<\/p>\n<p>\u2014\u2014\u2014\u2014\u2014\u2014\u2014\u2014\u2014\u2014\u2014\u2014<\/p>\n<p>Odvahy, odvahy<\/p>\n<p>praj, Kriste predrah\u00fd,<\/p>\n<p>daj v slove radosti!<\/p>\n<p>Po\u017eehnaj re\u010diam t\u00fdm,<\/p>\n<p>od Teeba prevzat\u00fdm,<\/p>\n<p>nech t\u00ed\u0161ia, b\u00f4\u013e hoja<\/p>\n<p>a v sk\u00fa\u0161kach \u017eivota<\/p>\n<p>popraj\u00fa pokoja!<span class=\"Apple-converted-space\">\u00a0 <\/span>Amen<\/p>\n<p>\u2014\u2014\u2014\u2014\u2014\u2014\u2014\u2014\u2014\u2014\u2014\u2014<\/p>\n<p>Jak svojmu Synovi,<\/p>\n<p>n\u00e1m tie\u017e tak trpie\u0165 d\u00e1\u0161,<\/p>\n<p>len v kr\u00ed\u017ei neopus\u0165,<\/p>\n<p>\u00f3, drah\u00fd Ot\u010de n\u00e1\u0161!<\/p>\n<p>Len u\u013eav, pozdvihni<\/p>\n<p>a du\u0161u sklesl\u00fa vznes<\/p>\n<p>po \u010dasnom s\u00fa\u017een\u00ed<\/p>\n<p>ta k sebe<span class=\"Apple-converted-space\">\u00a0 <\/span>do nebies!<span class=\"Apple-converted-space\">\u00a0 <\/span>Amen<\/p>\n<p>\u2014\u2014\u2014\u2014\u2014\u2014\u2014\u2014\u2014\u2014\u2014\u2014-<\/p>\n<p>Nie pre hriech trpie\u0165,<\/p>\n<p>le\u017e pre pravdu, Pane,<\/p>\n<p>ak u\u017e d\u00e1\u0161, nech sa<\/p>\n<p>v\u00f4\u013ea tvoja stane\u2026<\/p>\n<p>Len daj i sily,<\/p>\n<p>ducha, drah\u00fd Hosti,<\/p>\n<p>\u010do utrpenie zmen\u00ed<\/p>\n<p>na radosti!<span class=\"Apple-converted-space\">\u00a0 <\/span>Amen<\/p>\n<p>\u2014\u2014\u2014\u2014\u2014\u2014\u2014\u2014\u2014\u2014-<\/p>\n<p>I ke\u010f d\u00e1\u0161 trpie\u0165, Bo\u017ee,<\/p>\n<p>za \u0165a\u017ek\u00fdch \u017eitia ciest,<\/p>\n<p>len neop\u00fa\u0161\u0165aj n\u00e1s s\u00e1m,<\/p>\n<p>u\u010d kr\u00ed\u017e n\u00e1s v\u010fa\u010dne nies\u0165!<\/p>\n<p>A posil\u0148uj n\u00e1s v snah\u00e1ch,<\/p>\n<p>daj v srdce \u00fatechy &#8211;<\/p>\n<p>za pravdu ke\u010f d\u00e1\u0161 zn\u00e1\u0161a\u0165,<\/p>\n<p>len nedaj pre hriechy!<span class=\"Apple-converted-space\">\u00a0 <\/span>Amen<\/p>\n<p>&nbsp;<\/p>\n<p><b>1 M 37, 23 &#8211; 28:<\/b><\/p>\n<p>I ke\u010f pr\u00edde v\u00fdjs\u0165 zo zeme,<\/p>\n<p>nech len, Pane, s Tebou v\u017edy ideme,<\/p>\n<p>a hoc rva\u0165 sa s \u017eit\u00edm rukou holou,<\/p>\n<p>vieme, tak\u00fd \u017eivot dobrou \u0161kolou\u2026<\/p>\n<p>Ty n\u00e1s pozve\u0161 z Egypta, ke\u010f r\u00e1\u010di\u017e,<\/p>\n<p>a n\u00e1s svojim a n\u00e1m domov vr\u00e1ti\u0161.<\/p>\n<p>Sta\u0148 sa, Bo\u017ee, \u00f3, sta\u0148 v\u00f4\u013ea tvoja &#8211;<\/p>\n<p>len praj zdaru po \u0165a\u017ekostiach boja!<span class=\"Apple-converted-space\">\u00a0 <\/span>Amen<\/p>\n<p>\u2014\u2014\u2014\u2014\u2014\u2014\u2014\u2014\u2014\u2014\u2014\u2014\u2014\u2014\u2014\u2014\u2014\u2014-<\/p>\n<p>K\u00e1\u017e n\u00e1m, Pane, u\u013eav b\u00f4le zves\u0165ou<\/p>\n<p>i ke\u010f pr\u00edde t\u0155nistou \u00eds\u0165 cestou<\/p>\n<p>i ke\u010f mesiac, hviezdy nad horami,<\/p>\n<p><span class=\"Apple-converted-space\">\u00a0<\/span>daj n\u00e1m c\u00edti\u0165, \u017ee si s nami, s nami!<\/p>\n<p>Nech n\u00e1s ruka Tvoja neopust\u00ed &#8211;<\/p>\n<p>jak t\u00fa \u010de\u013ea\u010f sv\u00e4t\u00fa tam na p\u00fa\u0161ti<\/p>\n<p>vyvedie raz z Egypta tej zeme<\/p>\n<p>v Tvoju n\u00e1ru\u010d, v nej si hovie\u0165 chceme!<span class=\"Apple-converted-space\">\u00a0 <\/span>Amen<\/p>\n<p>&nbsp;<\/p>\n<p><b>Jer 31, 15 &#8211; 17:<\/b><\/p>\n<p>T\u00e1 pravda sv\u00e4t\u00e1,<\/p>\n<p>\u010do svet vyslobod\u00ed,<\/p>\n<p>sa v dopusteniach<\/p>\n<p>hork\u00fdch slz\u00e1ch rod\u00ed\u2026<\/p>\n<p>\u00d3, Pane Kriste,<\/p>\n<p>vzhliadni na n\u00e1s mile<\/p>\n<p>a vzbu\u010f v n\u00e1s n\u00e1dej<\/p>\n<p>v najtemnej\u0161ie chv\u00edle!<span class=\"Apple-converted-space\">\u00a0 <\/span>Amen<\/p>\n<p>\u2014\u2014\u2014\u2014\u2014\u2014\u2014\u2014\u2014\u2014\u2014\u2014\u2014<\/p>\n<p>Bo\u017ee, hlas Tvoj,<\/p>\n<p>ke\u010f svet n\u00e1s s\u00fa\u017ei,<\/p>\n<p>nech ozve sa<\/p>\n<p>a z\u013eav\u00ed du\u0161i.<\/p>\n<p>Za pr\u00e1cu mzdu<\/p>\n<p>s\u00e1m Ty daj, Pane,<\/p>\n<p>a zastav \u017eia\u013e,<\/p>\n<p>ak slza z o\u010d\u00fa kanie!<span class=\"Apple-converted-space\">\u00a0 <\/span>Amen<\/p>\n<p>&nbsp;<\/p>\n<p><b>Daniel 3, 16 &#8211; 26:<\/b><\/p>\n<p>Daj vernos\u0165 zachova\u0165<\/p>\n<p>a ducha sily vlej<\/p>\n<p>v n\u00e1s, Pane Bo\u017ee n\u00e1\u0161,<span class=\"Apple-converted-space\">\u00a0<\/span><\/p>\n<p>i v peci ohnivej,<\/p>\n<p>ke\u010f p\u00e1li du\u0161u n\u00e1m<\/p>\n<p>bolesti pahreba &#8211;<\/p>\n<p>a niekdy z milosti<\/p>\n<p>prenes n\u00e1s do neba!<span class=\"Apple-converted-space\">\u00a0 <\/span>Amen<\/p>\n<p>&nbsp;<\/p>\n<p><b>Daniel 3, 23 &#8211; 26:<\/b><\/p>\n<p>I v ohni \u0165a\u017ek\u00fdch chv\u00ed\u013e,<\/p>\n<p>\u00f3, Kriste, s nami bu\u010f,<\/p>\n<p>l\u00e1skave s nami bu\u010f,<\/p>\n<p>nedaj n\u00e1m zahyn\u00fa\u0165!<\/p>\n<p>Nech pokoj, jak Tvoj dar,<\/p>\n<p>n\u00e1s hoje uhost\u00ed,<\/p>\n<p>l\u00e1skave uhost\u00ed &#8211;<\/p>\n<p>z tej Tvojej milosti!<span class=\"Apple-converted-space\">\u00a0 <\/span>Amen<\/p>\n<p>\u2014\u2014\u2014\u2014\u2014\u2014\u2014\u2014\u2014\u2014\u2014\u2014-<\/p>\n<p>Pokoja toho,<\/p>\n<p>\u010do \u013eudsk\u00fd rozum prev\u00fd\u0161i,<\/p>\n<p>ach, daj n\u00e1m dnes,<\/p>\n<p>n\u00e1\u0161 drah\u00fd Pane Je\u017ei\u0161i!<\/p>\n<p>Slovom ho v\u0161tep<\/p>\n<p>do citnej na\u0161ej hrudi,<\/p>\n<p>nech chr\u00e1ni n\u00e1s<\/p>\n<p>a v biedach n\u00e1dej bud\u00ed!<span class=\"Apple-converted-space\">\u00a0 <\/span>Amen<\/p>\n<p>\u2014\u2014\u2014\u2014\u2014\u2014\u2014\u2014\u2014\u2014\u2014\u2014\u2014\u2014<\/p>\n<p>&nbsp;<\/p>\n<p><b>Sirach 11, 5:<\/b><\/p>\n<p>Ukrutnos\u0165, Pane, Teba neprekon\u00e1,<\/p>\n<p>bo poti Tvojej v\u00f4li ve\u013emi slabou ona.<\/p>\n<p>Ty st\u00ed\u0161i\u0161 pla\u010d a zhoj\u00ed\u0161 v\u0161ak\u00e9 rany,<\/p>\n<p>pred Herodesom vezme\u0161 do ochrany.<\/p>\n<p>Ach, vezmi i n\u00e1s, za\u017eni v srdci z\u00e1pa\u013e,<\/p>\n<p>aby n\u00e1s biedny \u017eivot neroz\u0161liapal!<\/p>\n<p>A ke\u010f u\u017e tento nie je bez obet\u00ed,<\/p>\n<p>ke\u010f n\u00e1m d\u00e1\u0161 trpie\u0165 &#8211; uchr\u00e1\u0148 na\u0161e deti!<span class=\"Apple-converted-space\">\u00a0 <\/span>Amen<\/p>\n<p>\u2014\u2014\u2014\u2014\u2014\u2014\u2014\u2014\u2014\u2014\u2014\u2014\u2014\u2014\u2014\u2014\u2014\u2014\u2014\u2014<\/p>\n<p>Ty si n\u00e1\u0161 Otec a n\u00e1\u0161 P\u00e1n,<\/p>\n<p>pred ukrutnos\u0165ou chr\u00e1\u0148 n\u00e1s, chr\u00e1\u0148!<\/p>\n<p>Bo \u017eivot neraz sam\u00fdm priekom,<\/p>\n<p>a \u010dlovek \u010dasto ne\u010dlovekom.<\/p>\n<p>Ak zl\u00e1m sme padli do cesty,<\/p>\n<p>zasta\u0148 n\u00e1s, oddia\u013e bolesti!<\/p>\n<p>Ty st\u00ed\u0161i\u0161 iste \u013eudsk\u00e9 boje<\/p>\n<p>a udr\u017e\u00ed\u0161 v\u017edy to, \u010do Tvoje.<span class=\"Apple-converted-space\">\u00a0 <\/span>Amen<\/p>\n","protected":false},"excerpt":{"rendered":"<p>Martin R\u00e1zus: Susp\u00edri\u00e1 &#8211; Nede\u013ea po Novom roku Mt 2, 13, 23: \u00d3, Bo\u017ee, kam ruka Tvoja n\u00e1s sprevod\u00ed, popraj n\u00e1m ochrany, popraj n\u00e1m pohody. A ke\u010f n\u00e1s skorm\u00fati\u0161, \u017eia\u013e \u0165a\u017ek\u00fd odstra\u0148uj\u2026 \u00d3, Bo\u017ee, v biedach \u013eud ochra\u0148uj, ochra\u0148uj!\u00a0 Amen &nbsp; Mt 2, 13 &#8211; 18: V R\u00e1me je po\u010du\u0165 hlas: pla\u010d, kv\u00ed\u013e a nariekanie\u2026 &#8230; <a title=\"Martin R\u00e1zus: Susp\u00edri\u00e1 &#8211; Nede\u013ea po Novom roku\" class=\"read-more\" href=\"https:\/\/www.e-anjelik.sk\/index.php\/2019\/01\/05\/martin-razus-suspiria-nedela-po-novom-roku\/\" aria-label=\"Pre\u010d\u00edtajte si viac o Martin R\u00e1zus: Susp\u00edri\u00e1 &#8211; Nede\u013ea po Novom roku\">\u010c\u00edta\u0165 viac<\/a><\/p>\n","protected":false},"author":4,"featured_media":0,"comment_status":"open","ping_status":"open","sticky":false,"template":"","format":"standard","meta":{"footnotes":""},"categories":[233,15,165],"tags":[],"class_list":["post-32174","post","type-post","status-publish","format-standard","hentry","category-modlitby","category-novy-rok","category-poezia-2"],"_links":{"self":[{"href":"https:\/\/www.e-anjelik.sk\/index.php\/wp-json\/wp\/v2\/posts\/32174","targetHints":{"allow":["GET"]}}],"collection":[{"href":"https:\/\/www.e-anjelik.sk\/index.php\/wp-json\/wp\/v2\/posts"}],"about":[{"href":"https:\/\/www.e-anjelik.sk\/index.php\/wp-json\/wp\/v2\/types\/post"}],"author":[{"embeddable":true,"href":"https:\/\/www.e-anjelik.sk\/index.php\/wp-json\/wp\/v2\/users\/4"}],"replies":[{"embeddable":true,"href":"https:\/\/www.e-anjelik.sk\/index.php\/wp-json\/wp\/v2\/comments?post=32174"}],"version-history":[{"count":1,"href":"https:\/\/www.e-anjelik.sk\/index.php\/wp-json\/wp\/v2\/posts\/32174\/revisions"}],"predecessor-version":[{"id":32175,"href":"https:\/\/www.e-anjelik.sk\/index.php\/wp-json\/wp\/v2\/posts\/32174\/revisions\/32175"}],"wp:attachment":[{"href":"https:\/\/www.e-anjelik.sk\/index.php\/wp-json\/wp\/v2\/media?parent=32174"}],"wp:term":[{"taxonomy":"category","embeddable":true,"href":"https:\/\/www.e-anjelik.sk\/index.php\/wp-json\/wp\/v2\/categories?post=32174"},{"taxonomy":"post_tag","embeddable":true,"href":"https:\/\/www.e-anjelik.sk\/index.php\/wp-json\/wp\/v2\/tags?post=32174"}],"curies":[{"name":"wp","href":"https:\/\/api.w.org\/{rel}","templated":true}]}}