{"id":32177,"date":"2019-01-08T10:11:20","date_gmt":"2019-01-08T09:11:20","guid":{"rendered":"http:\/\/e-anjelik.sk\/?p=32177"},"modified":"2019-01-08T10:11:20","modified_gmt":"2019-01-08T09:11:20","slug":"ecav-ma-uz-nove-vedenie","status":"publish","type":"post","link":"https:\/\/www.e-anjelik.sk\/index.php\/2019\/01\/08\/ecav-ma-uz-nove-vedenie\/","title":{"rendered":"ECAV m\u00e1 u\u017e nov\u00e9 vedenie"},"content":{"rendered":"<h2 class=\"heading\">Evanjelick\u00e1 cirkev a.v. na Slovensku m\u00e1 u\u017e nov\u00e9 vedenie<\/h2>\n<p>Evanjelick\u00e1 cirkev augsbursk\u00e9ho vyznania na Slovensku m\u00e1 u\u017e svoje nov\u00e9 predsedn\u00edctvo \u2013 gener\u00e1lneho biskupa Mgr. Ivana E\u013eka a gener\u00e1lneho dozorcu Ing. J\u00e1na Brozmana.<\/p>\n<p>D\u0148a 28. okt\u00f3bra 2018 boli v cirkevn\u00fdch zboroch ECAV vyhl\u00e1sen\u00e9 v\u00fdsledky volieb predsedn\u00edctva ECAV na Slovensku. V 15 d\u0148ovej apela\u010dnej dobe niektor\u00e9 cirkevn\u00e9 zbory uplatnili svoje pr\u00e1vo a podali proti v\u00fdsledku volieb \u017ealobu. Podan\u00e9 \u017ealoby Di\u0161triktu\u00e1lny s\u00fad Z\u00e1padn\u00e9ho di\u0161triktu ECAV na Slovensku odmietol. V uplynul\u00fdch d\u0148och predseda Di\u0161triktu\u00e1lneho s\u00fadu ZD ECAV Mgr. J\u00e1n Bun\u010d\u00e1k p\u00edsomne informoval Gener\u00e1lny biskupsk\u00fd \u00farad o tom, \u017ee vo\u013eba nov\u00e9ho predsedn\u00edctva ECAV nadobudla pr\u00e1voplatnos\u0165, v pr\u00edpade Ing. J\u00e1na Brozmana d\u0148a 8. decembra 2018 a v pr\u00edpade Mgr. Ivana E\u013eka d\u0148a 13. decembra 2018.<\/p>\n<p>V Bratislave<\/p>\n<p class=\"sign\">Mgr. Martin Miti Kov\u00e1\u010d, poveren\u00fd veden\u00edm tla\u010dov\u00e9ho oddelenia Gener\u00e1lneho biskupsk\u00e9ho \u00faradu ECAV na Slovensku, media(at)ecav.sk\u00a0|\u00a021.12.2018<\/p>\n<p>&nbsp;<\/p>\n<p>Nov\u00e9mu vedeniu \u00a0aj my blaho\u017eel\u00e1me a prajeme \u00a0hojnos\u0165 Bo\u017eieho po\u017eehnania nielen v novm roku, ale v celom \u010fal\u0161om volebnom obdob\u00ed, pre rozkvet \u00a0ECAV na Slovensku!<\/p>\n<p>&#8211; Za redakciu : \u013dubom\u00edr Batka st.<\/p>\n","protected":false},"excerpt":{"rendered":"<p>Evanjelick\u00e1 cirkev a.v. na Slovensku m\u00e1 u\u017e nov\u00e9 vedenie Evanjelick\u00e1 cirkev augsbursk\u00e9ho vyznania na Slovensku m\u00e1 u\u017e svoje nov\u00e9 predsedn\u00edctvo \u2013 gener\u00e1lneho biskupa Mgr. Ivana E\u013eka a gener\u00e1lneho dozorcu Ing. J\u00e1na Brozmana. D\u0148a 28. okt\u00f3bra 2018 boli v cirkevn\u00fdch zboroch ECAV vyhl\u00e1sen\u00e9 v\u00fdsledky volieb predsedn\u00edctva ECAV na Slovensku. V 15 d\u0148ovej apela\u010dnej dobe niektor\u00e9 cirkevn\u00e9 &#8230; <a title=\"ECAV m\u00e1 u\u017e nov\u00e9 vedenie\" class=\"read-more\" href=\"https:\/\/www.e-anjelik.sk\/index.php\/2019\/01\/08\/ecav-ma-uz-nove-vedenie\/\" aria-label=\"Pre\u010d\u00edtajte si viac o ECAV m\u00e1 u\u017e nov\u00e9 vedenie\">\u010c\u00edta\u0165 viac<\/a><\/p>\n","protected":false},"author":4,"featured_media":0,"comment_status":"open","ping_status":"open","sticky":false,"template":"","format":"standard","meta":{"footnotes":""},"categories":[193,73,37],"tags":[],"class_list":["post-32177","post","type-post","status-publish","format-standard","hentry","category-co-pisu-ini","category-ecav","category-zivot-v-cirkvi"],"_links":{"self":[{"href":"https:\/\/www.e-anjelik.sk\/index.php\/wp-json\/wp\/v2\/posts\/32177","targetHints":{"allow":["GET"]}}],"collection":[{"href":"https:\/\/www.e-anjelik.sk\/index.php\/wp-json\/wp\/v2\/posts"}],"about":[{"href":"https:\/\/www.e-anjelik.sk\/index.php\/wp-json\/wp\/v2\/types\/post"}],"author":[{"embeddable":true,"href":"https:\/\/www.e-anjelik.sk\/index.php\/wp-json\/wp\/v2\/users\/4"}],"replies":[{"embeddable":true,"href":"https:\/\/www.e-anjelik.sk\/index.php\/wp-json\/wp\/v2\/comments?post=32177"}],"version-history":[{"count":1,"href":"https:\/\/www.e-anjelik.sk\/index.php\/wp-json\/wp\/v2\/posts\/32177\/revisions"}],"predecessor-version":[{"id":32178,"href":"https:\/\/www.e-anjelik.sk\/index.php\/wp-json\/wp\/v2\/posts\/32177\/revisions\/32178"}],"wp:attachment":[{"href":"https:\/\/www.e-anjelik.sk\/index.php\/wp-json\/wp\/v2\/media?parent=32177"}],"wp:term":[{"taxonomy":"category","embeddable":true,"href":"https:\/\/www.e-anjelik.sk\/index.php\/wp-json\/wp\/v2\/categories?post=32177"},{"taxonomy":"post_tag","embeddable":true,"href":"https:\/\/www.e-anjelik.sk\/index.php\/wp-json\/wp\/v2\/tags?post=32177"}],"curies":[{"name":"wp","href":"https:\/\/api.w.org\/{rel}","templated":true}]}}