{"id":32182,"date":"2019-01-15T13:21:51","date_gmt":"2019-01-15T12:21:51","guid":{"rendered":"http:\/\/e-anjelik.sk\/?p=32182"},"modified":"2019-01-15T13:21:51","modified_gmt":"2019-01-15T12:21:51","slug":"instalacia-novozvoleneho-predsednictva-ecav-a-biskupa-zd","status":"publish","type":"post","link":"https:\/\/www.e-anjelik.sk\/index.php\/2019\/01\/15\/instalacia-novozvoleneho-predsednictva-ecav-a-biskupa-zd\/","title":{"rendered":"In\u0161tal\u00e1cia novozvolen\u00e9ho predsedn\u00edctva ECAV a biskupa ZD"},"content":{"rendered":"<p><b>Inform\u00e1cia o term\u00edne a mieste in\u0161tal\u00e1cie novozvolen\u00fdch predstavite\u013eov ECAV 2. marca 2019<\/b><\/p>\n<p>V sobotu, d\u0148a <b>2. marca 2019<\/b> sa uskuto\u010dn\u00ed v evanjelickom kostole vo Zvolene sl\u00e1vnostn\u00e1 in\u0161tal\u00e1cia novozvolen\u00fdch predstavite\u013eov cirkvi, bratov: Ivana E\u013eka \u2013 gener\u00e1lneho biskupa na\u0161ej cirkvi a J\u00e1na Hrobo\u0148a \u2013 biskupa Z\u00e1padn\u00e9ho di\u0161triktu, ako aj uvedenie J\u00e1na Brozmana \u2013 gener\u00e1lneho dozorcu ECAV. Sl\u00e1vnostn\u00e9 Slu\u017eby Bo\u017eie sa bud\u00fa nies\u0165 v duchu slov \u017dalmu 33, ver\u0161 22: <i>&#8222;Bu\u010f Tvoja milos\u0165 nad nami, \u00f3 Hospodine, ako my na Teba o\u010dak\u00e1vame!&#8220;<\/i><span class=\"Apple-converted-space\">\u00a0<\/span><\/p>\n<p>Presn\u00fd \u010das sl\u00e1vnosti ozn\u00e1mime nesk\u00f4r. Priamy prenos tejto udalosti uskuto\u010dn\u00ed Slovensk\u00e1 telev\u00edzia.<\/p>\n<p><i>media(at)ecav.sk\u00a0|\u00a015.1.2019<\/i><\/p>\n","protected":false},"excerpt":{"rendered":"<p>Inform\u00e1cia o term\u00edne a mieste in\u0161tal\u00e1cie novozvolen\u00fdch predstavite\u013eov ECAV 2. marca 2019 V sobotu, d\u0148a 2. marca 2019 sa uskuto\u010dn\u00ed v evanjelickom kostole vo Zvolene sl\u00e1vnostn\u00e1 in\u0161tal\u00e1cia novozvolen\u00fdch predstavite\u013eov cirkvi, bratov: Ivana E\u013eka \u2013 gener\u00e1lneho biskupa na\u0161ej cirkvi a J\u00e1na Hrobo\u0148a \u2013 biskupa Z\u00e1padn\u00e9ho di\u0161triktu, ako aj uvedenie J\u00e1na Brozmana \u2013 gener\u00e1lneho dozorcu ECAV. Sl\u00e1vnostn\u00e9 &#8230; <a title=\"In\u0161tal\u00e1cia novozvolen\u00e9ho predsedn\u00edctva ECAV a biskupa ZD\" class=\"read-more\" href=\"https:\/\/www.e-anjelik.sk\/index.php\/2019\/01\/15\/instalacia-novozvoleneho-predsednictva-ecav-a-biskupa-zd\/\" aria-label=\"Pre\u010d\u00edtajte si viac o In\u0161tal\u00e1cia novozvolen\u00e9ho predsedn\u00edctva ECAV a biskupa ZD\">\u010c\u00edta\u0165 viac<\/a><\/p>\n","protected":false},"author":4,"featured_media":0,"comment_status":"open","ping_status":"open","sticky":false,"template":"","format":"standard","meta":{"footnotes":""},"categories":[193,37],"tags":[],"class_list":["post-32182","post","type-post","status-publish","format-standard","hentry","category-co-pisu-ini","category-zivot-v-cirkvi"],"_links":{"self":[{"href":"https:\/\/www.e-anjelik.sk\/index.php\/wp-json\/wp\/v2\/posts\/32182","targetHints":{"allow":["GET"]}}],"collection":[{"href":"https:\/\/www.e-anjelik.sk\/index.php\/wp-json\/wp\/v2\/posts"}],"about":[{"href":"https:\/\/www.e-anjelik.sk\/index.php\/wp-json\/wp\/v2\/types\/post"}],"author":[{"embeddable":true,"href":"https:\/\/www.e-anjelik.sk\/index.php\/wp-json\/wp\/v2\/users\/4"}],"replies":[{"embeddable":true,"href":"https:\/\/www.e-anjelik.sk\/index.php\/wp-json\/wp\/v2\/comments?post=32182"}],"version-history":[{"count":1,"href":"https:\/\/www.e-anjelik.sk\/index.php\/wp-json\/wp\/v2\/posts\/32182\/revisions"}],"predecessor-version":[{"id":32183,"href":"https:\/\/www.e-anjelik.sk\/index.php\/wp-json\/wp\/v2\/posts\/32182\/revisions\/32183"}],"wp:attachment":[{"href":"https:\/\/www.e-anjelik.sk\/index.php\/wp-json\/wp\/v2\/media?parent=32182"}],"wp:term":[{"taxonomy":"category","embeddable":true,"href":"https:\/\/www.e-anjelik.sk\/index.php\/wp-json\/wp\/v2\/categories?post=32182"},{"taxonomy":"post_tag","embeddable":true,"href":"https:\/\/www.e-anjelik.sk\/index.php\/wp-json\/wp\/v2\/tags?post=32182"}],"curies":[{"name":"wp","href":"https:\/\/api.w.org\/{rel}","templated":true}]}}