{"id":32184,"date":"2019-01-15T13:26:28","date_gmt":"2019-01-15T12:26:28","guid":{"rendered":"http:\/\/e-anjelik.sk\/?p=32184"},"modified":"2019-01-15T13:26:28","modified_gmt":"2019-01-15T12:26:28","slug":"pozvanie-ecav-na-ekumenicke-slb","status":"publish","type":"post","link":"https:\/\/www.e-anjelik.sk\/index.php\/2019\/01\/15\/pozvanie-ecav-na-ekumenicke-slb\/","title":{"rendered":"Pozvanie ECAV na ekumenick\u00e9 SLB"},"content":{"rendered":"<p><b>Pozvanie na Ekumenick\u00e9 slu\u017eby Bo\u017eie 20. janu\u00e1ra 2019<\/b><\/p>\n<p>V r\u00e1mci T\u00fd\u017ed\u0148a modlitieb za jednotu kres\u0165anov sa v evanjelickom kostole v Dunajskej Lu\u017enej uskuto\u010dnia ekumenick\u00e9 Slu\u017eby Bo\u017eie v nede\u013eu, d\u0148a <b>20. janu\u00e1ra 2019 o 10.00 h<\/b>. Z\u00fa\u010dastnia sa ich najvy\u0161\u0161\u00ed predstavitelia ekum\u00e9ny, ako aj novozvolen\u00e9 predsedn\u00edctvo ECAV. T\u00e9mou t\u00fdchto Slu\u017eieb Bo\u017e\u00edch je na z\u00e1klade Deuteron\u00f3mia 16, 18 \u2013 20: <i>&#8222;Len o spravodlivos\u0165 sa bude\u0161 usilova\u0165.&#8220;<\/i><span class=\"Apple-converted-space\">\u00a0<\/span><\/p>\n<p>Srde\u010dne V\u00e1s na tieto Slu\u017eby Bo\u017eie poz\u00fdvame. V priamom prenose ich bude vysiela\u0165 aj Slovensk\u00e1 telev\u00edzia.<\/p>\n<p><i>media(at)ecav.sk\u00a0|\u00a015.1.2019<\/i><\/p>\n","protected":false},"excerpt":{"rendered":"<p>Pozvanie na Ekumenick\u00e9 slu\u017eby Bo\u017eie 20. janu\u00e1ra 2019 V r\u00e1mci T\u00fd\u017ed\u0148a modlitieb za jednotu kres\u0165anov sa v evanjelickom kostole v Dunajskej Lu\u017enej uskuto\u010dnia ekumenick\u00e9 Slu\u017eby Bo\u017eie v nede\u013eu, d\u0148a 20. janu\u00e1ra 2019 o 10.00 h. Z\u00fa\u010dastnia sa ich najvy\u0161\u0161\u00ed predstavitelia ekum\u00e9ny, ako aj novozvolen\u00e9 predsedn\u00edctvo ECAV. T\u00e9mou t\u00fdchto Slu\u017eieb Bo\u017e\u00edch je na z\u00e1klade Deuteron\u00f3mia 16, &#8230; <a title=\"Pozvanie ECAV na ekumenick\u00e9 SLB\" class=\"read-more\" href=\"https:\/\/www.e-anjelik.sk\/index.php\/2019\/01\/15\/pozvanie-ecav-na-ekumenicke-slb\/\" aria-label=\"Pre\u010d\u00edtajte si viac o Pozvanie ECAV na ekumenick\u00e9 SLB\">\u010c\u00edta\u0165 viac<\/a><\/p>\n","protected":false},"author":4,"featured_media":0,"comment_status":"open","ping_status":"open","sticky":false,"template":"","format":"standard","meta":{"footnotes":""},"categories":[2,37],"tags":[],"class_list":["post-32184","post","type-post","status-publish","format-standard","hentry","category-ekumena","category-zivot-v-cirkvi"],"_links":{"self":[{"href":"https:\/\/www.e-anjelik.sk\/index.php\/wp-json\/wp\/v2\/posts\/32184","targetHints":{"allow":["GET"]}}],"collection":[{"href":"https:\/\/www.e-anjelik.sk\/index.php\/wp-json\/wp\/v2\/posts"}],"about":[{"href":"https:\/\/www.e-anjelik.sk\/index.php\/wp-json\/wp\/v2\/types\/post"}],"author":[{"embeddable":true,"href":"https:\/\/www.e-anjelik.sk\/index.php\/wp-json\/wp\/v2\/users\/4"}],"replies":[{"embeddable":true,"href":"https:\/\/www.e-anjelik.sk\/index.php\/wp-json\/wp\/v2\/comments?post=32184"}],"version-history":[{"count":1,"href":"https:\/\/www.e-anjelik.sk\/index.php\/wp-json\/wp\/v2\/posts\/32184\/revisions"}],"predecessor-version":[{"id":32185,"href":"https:\/\/www.e-anjelik.sk\/index.php\/wp-json\/wp\/v2\/posts\/32184\/revisions\/32185"}],"wp:attachment":[{"href":"https:\/\/www.e-anjelik.sk\/index.php\/wp-json\/wp\/v2\/media?parent=32184"}],"wp:term":[{"taxonomy":"category","embeddable":true,"href":"https:\/\/www.e-anjelik.sk\/index.php\/wp-json\/wp\/v2\/categories?post=32184"},{"taxonomy":"post_tag","embeddable":true,"href":"https:\/\/www.e-anjelik.sk\/index.php\/wp-json\/wp\/v2\/tags?post=32184"}],"curies":[{"name":"wp","href":"https:\/\/api.w.org\/{rel}","templated":true}]}}