{"id":32190,"date":"2019-01-18T19:07:07","date_gmt":"2019-01-18T18:07:07","guid":{"rendered":"http:\/\/e-anjelik.sk\/?p=32190"},"modified":"2019-01-18T19:07:07","modified_gmt":"2019-01-18T18:07:07","slug":"nevypovies-krive-svedectvo","status":"publish","type":"post","link":"https:\/\/www.e-anjelik.sk\/index.php\/2019\/01\/18\/nevypovies-krive-svedectvo\/","title":{"rendered":"Nevypovie\u0161 kriv\u00e9 svedectvo&#8230;!"},"content":{"rendered":"<p><span class=\"Apple-converted-space\">\u00a0\u00a0 \u00a0 <\/span><b><i>Nevypovie\u0161 kriv\u00e9 svedectvo<\/i><\/b>\u2026 alebo:<span class=\"Apple-converted-space\">\u00a0<\/span><\/p>\n<p><span class=\"Apple-converted-space\">\u00a0 \u00a0 \u00a0 \u00a0 \u00a0 \u00a0 \u00a0 \u00a0 \u00a0 \u00a0 \u00a0 \u00a0 \u00a0 \u00a0 \u00a0 \u00a0 \u00a0 \u00a0 \u00a0 \u00a0 \u00a0 \u00a0 \u00a0 \u00a0 \u00a0 \u00a0 \u00a0 \u00a0 \u00a0 \u00a0 \u00a0 \u00a0 \u00a0 \u00a0 \u00a0 \u00a0 \u00a0 \u00a0 \u00a0 \u00a0 \u00a0 \u00a0<\/span><b>Major J\u00e1no\u0161\u00edk a kapit\u00e1n Danko<\/b><\/p>\n<p><span class=\"Apple-converted-space\">\u00a0\u00a0 \u00a0 <\/span>Na prv\u00fd poh\u013ead nemaj\u00fa zbojn\u00edk a kapit\u00e1n h\u00f4rnych chlapcov Juraj J\u00e1no\u0161\u00edk a Andrej Danko, predseda parlamentu, ni\u010d spolo\u010dn\u00e9. Ale ur\u010dit\u00e9 spojenia tu s\u00fa. Nesp\u00e1ja ich s\u00edce doba p\u00f4sobenia a predsa s\u00fa obaja pr\u00edslu\u0161n\u00edkmi Slovenskej arm\u00e1dy. B\u00fdval\u00fd skrachovan\u00fd \u0161tudent, n\u00e1sledne kuruck\u00fd a cis\u00e1rsky vojak, potom kapit\u00e1n \u201ch\u00f4rnych chlapcov\u201d Juraj J\u00e1no\u0161\u00edk, \u010derstv\u00fd nominant na \u201cnajv\u00e4\u010d\u0161ieho Slov\u00e1ka\u201d je major Slovenskej arm\u00e1dy in memoriam, menovan\u00fd ministrom Ficovej vl\u00e1dy A.Ka\u0161ick\u00fdm.<span class=\"Apple-converted-space\">\u00a0<\/span><\/p>\n<p><span class=\"Apple-converted-space\">\u00a0 \u00a0 <\/span>\u201cH\u00f4rny chlapec\u201d Danko bol po predch\u00e1dzaj\u00facom zb\u00edjan\u00ed v slovensk\u00fdch lesoch menovan\u00fd in\u00fdm ministorm Ficovej vl\u00e1dy za kapit\u00e1na SA. Teraz zb\u00edjaj\u00fa za neho ministri \u0161kolstva a vedy, on ich iba riadi a po\u010d\u00edta zisky do stran\u00edckej kasy.<span class=\"Apple-converted-space\">\u00a0<\/span><\/p>\n<p><span class=\"Apple-converted-space\">\u00a0\u00a0 \u00a0<\/span>J\u00e1no\u0161\u00edk ako \u0161tudent<span class=\"Apple-converted-space\">\u00a0 <\/span>\u201cskrachoval\u201d a nedo\u0161tudoval, preto\u017ee v tom \u010dase odpisova\u0165 nebolo mo\u017en\u00e9. Ako zbojn\u00edk \u00fadajne bohat\u00fdm bral a chudobn\u00fdm d\u00e1val, kapit\u00e1n Danko to rob\u00ed naopak. Ale ned\u00e1 sa vyl\u00fa\u010di\u0165, \u017ee obaja predsa len najviac ude\u013euj\u00fa sebe, \u010di\u017ee \u013eudu, ktor\u00fd zastupuj\u00fa. S\u00fadna sedria Lipt. Mikul\u00e1\u0161a J\u00e1no\u0161\u00edka ods\u00fadila a nechala ho verejne obesi\u0165 na h\u00e1ku za \u013eav\u00e9 rebro. Danko zatia\u013e pred zrakom \u0161irokej verejnosti mor\u00e1lne s\u00fadi a odsudzuje in\u00fdch. Verejnos\u0165 Slovenska \u201cm\u00e1 na h\u00e1ku\u201d.<\/p>\n<p><span class=\"Apple-converted-space\">\u00a0\u00a0 \u00a0 <\/span><span class=\"Apple-converted-space\">\u00a0<\/span>Vrcholom jeho doteraj\u0161ieho pret\u0155\u010dania bolo vyst\u00fapenie po zasadan\u00ed sen\u00e1tu pr\u00e1vnickej falkulty v Banskej Bystrici. Akademici sa pritom zahrali na riadny s\u00fad a ako nasledovn\u00edci juristu J\u00e1no\u0161\u00edka vyhl\u00e1sili, \u017ee slovo plagi\u00e1t v slovenskom pr\u00e1vnom syst\u00e9me nie je definovan\u00e9, \u010di\u017ee neexistuje. Preto ani Dankovo primit\u00edvne odpisovanie v rigor\u00f3znej, (pod\u013ea samotn\u00e9ho kapit\u00e1na: v \u0161kolskej pr\u00e1ci), &#8211; nie je poru\u0161enie z\u00e1kona.<span class=\"Apple-converted-space\">\u00a0<\/span><\/p>\n<p><span class=\"Apple-converted-space\">\u00a0 \u00a0 \u00a0 <\/span>Je zauj\u00edmav\u00e9, pre\u010do sa akademick\u00fd sen\u00e1t \u201czahral\u201d na s\u00fadny sen\u00e1t SR. Zrejme preto, aby kapit\u00e1n nevisel. Ak v\u0161ak dok\u00e1zan\u00e9 a kon\u0161tatovan\u00e9 odpisovanie nie je plagi\u00e1t, vznik\u00e1 v na\u0161om \u0161kolstve nesl\u00fdchan\u00fd precedens. \u017diaden odpisuj\u00faci \u0161kol\u00e1k, \u0161tudent \u010di doktorand plagi\u00e1torom nebude, aj ke\u010f bude v\u017edy len odpisova\u0165. A nem\u00f4\u017ee by\u0165 za to ani trestan\u00fd, ani ako\u013evek sankcionovan\u00fd.<span class=\"Apple-converted-space\">\u00a0<\/span><\/p>\n<p><span class=\"Apple-converted-space\">\u00a0 \u00a0 \u00a0<\/span><span class=\"Apple-converted-space\">\u00a0<\/span>Zdanlivo dobr\u00e1 spr\u00e1va pre \u0161tudentov je katastrofou pre s\u00fa\u010dasn\u00e9 slovensk\u00e9 \u0161kolstvo a bud\u00facnos\u0165 \u0161t\u00e1tu. Katastrofou v\u00e4\u010d\u0161ou ako jeho sofistikovan\u00e9 rozkr\u00e1danie ministrami Plav\u010danom a Lubyovou. Zost\u00e1va iba \u010daka\u0165, k\u00fdm aj tohoto kapit\u00e1na, druh\u00e9ho mu\u017ea republiky niekto \u201cupe\u010die\u201d, aby vo\u0161iel defint\u00edvne aj on do minulosti, tak ako Ficov vzor: zbojn\u00edk, major Juraj J\u00e1no\u0161\u00edk, in memoriam.<\/p>\n","protected":false},"excerpt":{"rendered":"<p>\u00a0\u00a0 \u00a0 Nevypovie\u0161 kriv\u00e9 svedectvo\u2026 alebo:\u00a0 \u00a0 \u00a0 \u00a0 \u00a0 \u00a0 \u00a0 \u00a0 \u00a0 \u00a0 \u00a0 \u00a0 \u00a0 \u00a0 \u00a0 \u00a0 \u00a0 \u00a0 \u00a0 \u00a0 \u00a0 \u00a0 \u00a0 \u00a0 \u00a0 \u00a0 \u00a0 \u00a0 \u00a0 \u00a0 \u00a0 \u00a0 \u00a0 \u00a0 \u00a0 \u00a0 \u00a0 \u00a0 \u00a0 \u00a0 \u00a0 \u00a0 \u00a0Major J\u00e1no\u0161\u00edk a kapit\u00e1n Danko \u00a0\u00a0 \u00a0 Na &#8230; <a title=\"Nevypovie\u0161 kriv\u00e9 svedectvo&#8230;!\" class=\"read-more\" href=\"https:\/\/www.e-anjelik.sk\/index.php\/2019\/01\/18\/nevypovies-krive-svedectvo\/\" aria-label=\"Pre\u010d\u00edtajte si viac o Nevypovie\u0161 kriv\u00e9 svedectvo&#8230;!\">\u010c\u00edta\u0165 viac<\/a><\/p>\n","protected":false},"author":4,"featured_media":0,"comment_status":"open","ping_status":"open","sticky":false,"template":"","format":"standard","meta":{"footnotes":""},"categories":[338,94,518],"tags":[],"class_list":["post-32190","post","type-post","status-publish","format-standard","hentry","category-banska-bystrica","category-politika","category-skoly"],"_links":{"self":[{"href":"https:\/\/www.e-anjelik.sk\/index.php\/wp-json\/wp\/v2\/posts\/32190","targetHints":{"allow":["GET"]}}],"collection":[{"href":"https:\/\/www.e-anjelik.sk\/index.php\/wp-json\/wp\/v2\/posts"}],"about":[{"href":"https:\/\/www.e-anjelik.sk\/index.php\/wp-json\/wp\/v2\/types\/post"}],"author":[{"embeddable":true,"href":"https:\/\/www.e-anjelik.sk\/index.php\/wp-json\/wp\/v2\/users\/4"}],"replies":[{"embeddable":true,"href":"https:\/\/www.e-anjelik.sk\/index.php\/wp-json\/wp\/v2\/comments?post=32190"}],"version-history":[{"count":1,"href":"https:\/\/www.e-anjelik.sk\/index.php\/wp-json\/wp\/v2\/posts\/32190\/revisions"}],"predecessor-version":[{"id":32191,"href":"https:\/\/www.e-anjelik.sk\/index.php\/wp-json\/wp\/v2\/posts\/32190\/revisions\/32191"}],"wp:attachment":[{"href":"https:\/\/www.e-anjelik.sk\/index.php\/wp-json\/wp\/v2\/media?parent=32190"}],"wp:term":[{"taxonomy":"category","embeddable":true,"href":"https:\/\/www.e-anjelik.sk\/index.php\/wp-json\/wp\/v2\/categories?post=32190"},{"taxonomy":"post_tag","embeddable":true,"href":"https:\/\/www.e-anjelik.sk\/index.php\/wp-json\/wp\/v2\/tags?post=32190"}],"curies":[{"name":"wp","href":"https:\/\/api.w.org\/{rel}","templated":true}]}}