{"id":32211,"date":"2019-01-28T00:52:38","date_gmt":"2019-01-27T23:52:38","guid":{"rendered":"http:\/\/e-anjelik.sk\/?p=32211"},"modified":"2019-02-22T15:26:25","modified_gmt":"2019-02-22T14:26:25","slug":"list-zbor-biskupov-ecav","status":"publish","type":"post","link":"https:\/\/www.e-anjelik.sk\/index.php\/2019\/01\/28\/list-zbor-biskupov-ecav\/","title":{"rendered":"List Zbor biskupov ECAV"},"content":{"rendered":"<p>Drah\u00ed, bratia a sestry, v\u00e1\u017een\u00e9 cirkevn\u00e9 zbory Evanjelickej cirkvi a. v. na Slovensku,<\/p>\n<p>na\u0161a Cirkevn\u00e1 \u00fastava hovor\u00ed, \u017ee Zbor biskupov \u201ebdie nad jednotou cirkvi aochra\u0148uje ju\u201c. Sboles\u0165ou kon\u0161tatujeme, \u017ee jednota na\u0161ich cirkevn\u00fdch zborov je v\u00e1\u017ene ohrozen\u00e1. V t\u00fdchto d\u0148och, ke\u010f sa v r\u00e1mci ekumenick\u00e9ho T\u00fd\u017ed\u0148a modlitieb za jednotu kres\u0165anov sch\u00e1dzame, aby sme prispeli k budovaniu porozumenia medzi cirkvami, bolo zaregistrovan\u00e9 ob\u010dianske zdru\u017eenie Asoci\u00e1cia slobodn\u00fdch kres\u0165ansk\u00fdch zborov ECAV na Slovensku. Anonymn\u00e1 webov\u00e1 str\u00e1nka volbyecav.sk z\u00e1rove\u0148 zverejnila rovnako anonymn\u00e9 Vyhl\u00e1senie inici\u00e1torov a z\u00e1stupcov signat\u00e1rov podpisovej akcie za nov\u00e9 vo\u013eby z 8. dec. 2018. To v\u0161etko s medi\u00e1lnou podporou Evanjelick\u00e9ho posla. Ak\u00fd hrozn\u00fd paradox, ke\u010f t\u00ed, ktor\u00ed boli, \u010di s\u00fa vodcami ekumenick\u00e9ho hnutia na Slovensku, s\u00fa z\u00e1rove\u0148 podporovate\u013emi delenia svojej vlastnej cirkvi!<\/p>\n<p>Slovo \u201edelenie\u201c sa m\u00f4\u017ee zda\u0165 prehnan\u00e9. Av\u0161ak ve\u013ek\u00e9 veci v\u017edy vznikaj\u00fa z mal\u00fdch. Aj na bratskom Sliezsku si svojho \u010dasu mysleli, \u017ee slovo \u201edelenie\u201c je prehnan\u00e9, ale dve evanjelick\u00e9 cirkvi s\u00fa tam realitou bezm\u00e1la tri desa\u0165ro\u010dia.<\/p>\n<p>Zaregistrovanie spolku, ktor\u00fd zdru\u017euje fyzick\u00e9 osoby, by nemalo by\u0165 d\u00f4vodom na z\u00e1sadn\u00e9 znepokojenie. Tu v\u0161ak konkr\u00e9tne menovate\u013en\u00ed \u013eudia prekro\u010dili neprekro\u010dite\u013en\u00fa hranicu: do spolku volaj\u00fa cel\u00e9 cirkevn\u00e9 zbory! Chc\u00fa ich zdru\u017ei\u0165 na princ\u00edpe odmietnutia legit\u00edmneho vedenia cirkvi a dom\u00e1haj\u00fa sa opakovania volieb. Pou\u017e\u00edvaj\u00fa Pavlov koncept slobody od z\u00e1kona a hovoria o slobode od strachu z represi\u00ed, od mamony, manipul\u00e1cie, hoc nov\u00e9 vedenie e\u0161te neurobilo ani jedno z\u00e1sadn\u00e9 rozhodnutie. \u0160\u00edria strach z toho, ak\u00e9 stra\u0161n\u00e9 defekty bude ma\u0165 onedlho na\u0161a cirkev. Keby to nebolo tak\u00e9 smutn\u00e9, bolo by to smie\u0161ne&#8230;<\/p>\n<p>Pripom\u00edname celej cirkvi, \u017ee ned\u00e1vne vo\u013eby sa riadili t\u00fdmi ist\u00fdmi predpismi, ktor\u00fdmi sa riadia vo\u013eby v na\u0161ej cirkvi u\u017e 28 rokov. Cirkevn\u00e9 s\u00fady kon\u0161tatovali platnos\u0165 ich v\u00fdsledkov. V minulosti na \u00farovni zborov, senior\u00e1tov, di\u0161triktov a gener\u00e1lnej cirkvi procesom kandid\u00e1cie nepre\u0161lo mno\u017estvo os\u00f4b. Pripome\u0148me Pavla Uhorskaia, \u010di Daniela Vesel\u00e9ho. V roku 2006 na vo\u013eby gen. biskupa nebol o jeden hlas kandidovan\u00fd Ondrej Prostredn\u00edk, jedin\u00fdm kandid\u00e1tom sa stal Milo\u0161 Kl\u00e1tik. V roku 2012 na vo\u013eby gener\u00e1lneho dozorcu nebol kandidovan\u00fd Michal Ra\u0161o, zostali dvaja kandid\u00e1ti, Imrich Luk\u00e1\u010d a J\u00e1n Brozman. V roku 2016 na vo\u013eby di\u0161triktu\u00e1lneho dozorcu nebol o jeden hlas kandidovan\u00fd Bohuslav Be\u0148uch, jedin\u00fdm kandid\u00e1tom sa stal Slavom\u00edr Hanuska. Kladieme z\u00e1sadn\u00fa ot\u00e1zku, ktor\u00e1 nikdy nemala verejne zaznie\u0165, preto\u017ee je krajne nepohodln\u00e1: Kde boli vtedy \u00fadajn\u00e9 tis\u00edce teraj\u0161\u00edch \u017eiadate\u013eov nov\u00fdch volieb a nad\u0161encov pre Asoci\u00e1ciu? Nezachytili sme od nich jeden jedin\u00fd protestn\u00fd hlas! Kde boli vtedy neboj\u00e1cne investigat\u00edvne noviny Evanjelick\u00fd posol? Pre\u010do nevych\u00e1dzali za\u010diernen\u00e9 str\u00e1nky a nep\u00edsalo sa o tom, \u017ee h\u0155stka vyvolen\u00fdch zobrala \u0161ancu cirkvi rozhodn\u00fa\u0165? Odpove\u010f je jednoduch\u00e1: Inici\u00e1tori rozdelenia cirkvi i Evanjelick\u00fd posol konaj\u00fa vtedy, ke\u010f sa jedn\u00e1 o ich vlastn\u00fdch \u013eud\u00ed. Ke\u010f ide o in\u00fdch, alibisticky ml\u010dia. Tento fakt doslova bije do o\u010d\u00ed. \u00daplne spochyb\u0148uje v\u0161etko to vzne\u0161en\u00e9, \u010do sa o nov\u00fdch a spravodliv\u00fdch vo\u013eb\u00e1ch a Asoci\u00e1cii p\u00ed\u0161e a proklamuje a \u010domu niektor\u00ed \u013eudia uverili. \u017dia\u013e, uverili il\u00fazii.<\/p>\n<p>Bratia a sestry, v\u00e1\u017een\u00e9 cirkevn\u00e9 zbory, vyz\u00fdvame v\u00e1s, aby ste rozoznali, \u017ee za cel\u00fdm t\u00fdmto otrasn\u00fdm pokusom rozdeli\u0165 na\u0161u cirkev, na ktor\u00fd s\u00fa pou\u017e\u00edvan\u00e9 i biblick\u00e9 my\u0161lienky a demokratick\u00e9 hesl\u00e1, stoj\u00ed oby\u010dajn\u00e1 urazenos\u0165 nieko\u013ek\u00fdch \u013eud\u00ed, ktor\u00ed dvojtretinovou v\u00e4\u010d\u0161inou hlasov legit\u00edmnych org\u00e1nov neboli kandidovan\u00ed do volieb. Probl\u00e9m je tu s vlastn\u00fdm \u201eja\u201c. U\u017e to\u013ekokr\u00e1t sme sa presved\u010dili, \u017ee toto je ten najv\u00fdbu\u0161nej\u0161\u00ed materi\u00e1l. Pripom\u00edname cel\u00fd Pavlov v\u00fdrok z listu ap. Pavla Galatsk\u00fdm 5, 13: \u201eVy ste k slobode povolan\u00ed, bratia. Len aby v\u00e1m sloboda nebola z\u00e1mienkou povo\u013eova\u0165 telu, ale v l\u00e1ske sl\u00fa\u017ete si vospolok\u201c. Sloboda m\u00e1 jedin\u00fa hranicu: Na\u0161e \u201eja\u201c, ozna\u010den\u00e9 pojmom \u201etelo\u201c, si nesmie za\u010da\u0165 nam\u00fd\u0161\u013ea\u0165, \u017ee m\u00e1 pr\u00e1vo nejedna\u0165 v l\u00e1ske a nebudova\u0165 jednotu.<\/p>\n<p>N\u00e1\u0161 predchodca v \u00farade, v blahej pam\u00e4ti biskup Rudolf Ko\u0161tia\u013e povedal: \u201eEvanjelick\u00e1 cirkev raz vymrie na oh\u013eaduplnos\u0165\u201c. Jeho slov\u00e1 u\u017e d\u00e1vno neboli tak aktu\u00e1lne, ako pr\u00e1ve dnes. My, s\u00fa\u010dasn\u00ed biskupi, chceme z\u00e1pasi\u0165 za jednotu cirkvi s l\u00e1skou, ale bez akejko\u013evek oh\u013eaduplnosti vo\u010di t\u00fdm, ktor\u00fdm je jednota \u013eahostajn\u00e1.<\/p>\n<p>Drah\u00ed bratia a sestry, v\u00e1\u017een\u00e9 cirkevn\u00e9 zbory, namiesto nezmyseln\u00e9ho delenia, ktor\u00e9 nebude ma\u0165 v\u00ed\u0165azov, iba porazen\u00fdch, V\u00e1s poz\u00fdvame k vern\u00e9mu \u017eivotu a k ne\u00fanavnej slu\u017ebe, ktor\u00e1 prospieva spolo\u010denstvu cirkvi a buduje jeho jednotu. Pr\u00e1ce je ve\u013emi ve\u013ea. Zl\u00fd vie, \u010do m\u00e1 robi\u0165, aby na pozit\u00edvne a tvoriv\u00e9 veci bolo \u010do najmenej \u010dasu, s\u00edl a ochoty \u2013 napr\u00edklad za\u010da\u0165 cirkev deli\u0165. Ned\u00e1vajme tomuto medzi nami miesto! Zosta\u0148me jednotn\u00ed.<\/p>\n<p>Va\u0161i v P\u00e1novi,<\/p>\n<p>J\u00e1n Hrobo\u0148 Ivan E\u013eko Slavom\u00edr Sabol biskup ZD ECAV gener\u00e1lny biskup ECAV biskup VD ECAV<\/p>\n<p><span class=\"Apple-converted-space\">\u00a0\u00a0<\/span><\/p>\n<p><span class=\"Apple-converted-space\">\u00a0<\/span>Bratislava, 17. janu\u00e1ra 2019<\/p>\n","protected":false},"excerpt":{"rendered":"<p>Drah\u00ed, bratia a sestry, v\u00e1\u017een\u00e9 cirkevn\u00e9 zbory Evanjelickej cirkvi a. v. na Slovensku, na\u0161a Cirkevn\u00e1 \u00fastava hovor\u00ed, \u017ee Zbor biskupov \u201ebdie nad jednotou cirkvi aochra\u0148uje ju\u201c. Sboles\u0165ou kon\u0161tatujeme, \u017ee jednota na\u0161ich cirkevn\u00fdch zborov je v\u00e1\u017ene ohrozen\u00e1. V t\u00fdchto d\u0148och, ke\u010f sa v r\u00e1mci ekumenick\u00e9ho T\u00fd\u017ed\u0148a modlitieb za jednotu kres\u0165anov sch\u00e1dzame, aby sme prispeli k budovaniu &#8230; <a title=\"List Zbor biskupov ECAV\" class=\"read-more\" href=\"https:\/\/www.e-anjelik.sk\/index.php\/2019\/01\/28\/list-zbor-biskupov-ecav\/\" aria-label=\"Pre\u010d\u00edtajte si viac o List Zbor biskupov ECAV\">\u010c\u00edta\u0165 viac<\/a><\/p>\n","protected":false},"author":4,"featured_media":0,"comment_status":"open","ping_status":"open","sticky":false,"template":"","format":"standard","meta":{"footnotes":""},"categories":[73,195,78,37],"tags":[],"class_list":["post-32211","post","type-post","status-publish","format-standard","hentry","category-ecav","category-evanjelicke-slovensko","category-zbor-biskupov-ecav","category-zivot-v-cirkvi"],"_links":{"self":[{"href":"https:\/\/www.e-anjelik.sk\/index.php\/wp-json\/wp\/v2\/posts\/32211","targetHints":{"allow":["GET"]}}],"collection":[{"href":"https:\/\/www.e-anjelik.sk\/index.php\/wp-json\/wp\/v2\/posts"}],"about":[{"href":"https:\/\/www.e-anjelik.sk\/index.php\/wp-json\/wp\/v2\/types\/post"}],"author":[{"embeddable":true,"href":"https:\/\/www.e-anjelik.sk\/index.php\/wp-json\/wp\/v2\/users\/4"}],"replies":[{"embeddable":true,"href":"https:\/\/www.e-anjelik.sk\/index.php\/wp-json\/wp\/v2\/comments?post=32211"}],"version-history":[{"count":1,"href":"https:\/\/www.e-anjelik.sk\/index.php\/wp-json\/wp\/v2\/posts\/32211\/revisions"}],"predecessor-version":[{"id":32212,"href":"https:\/\/www.e-anjelik.sk\/index.php\/wp-json\/wp\/v2\/posts\/32211\/revisions\/32212"}],"wp:attachment":[{"href":"https:\/\/www.e-anjelik.sk\/index.php\/wp-json\/wp\/v2\/media?parent=32211"}],"wp:term":[{"taxonomy":"category","embeddable":true,"href":"https:\/\/www.e-anjelik.sk\/index.php\/wp-json\/wp\/v2\/categories?post=32211"},{"taxonomy":"post_tag","embeddable":true,"href":"https:\/\/www.e-anjelik.sk\/index.php\/wp-json\/wp\/v2\/tags?post=32211"}],"curies":[{"name":"wp","href":"https:\/\/api.w.org\/{rel}","templated":true}]}}