{"id":32214,"date":"2019-02-08T12:15:04","date_gmt":"2019-02-08T11:15:04","guid":{"rendered":"http:\/\/e-anjelik.sk\/?p=32214"},"modified":"2019-02-22T15:26:25","modified_gmt":"2019-02-22T14:26:25","slug":"co-pisali-v-koruhvi-na-sione-v-roku-1897","status":"publish","type":"post","link":"https:\/\/www.e-anjelik.sk\/index.php\/2019\/02\/08\/co-pisali-v-koruhvi-na-sione-v-roku-1897\/","title":{"rendered":"\u010co p\u00edsali  v &#8222;Koruhvi na Sione v roku 1897&#8220;"},"content":{"rendered":"<p>Novoro\u010dn\u00e9 memento<\/p>\n<p>Pravda je, \u017ee na\u0161a ev. cirkev zalo\u017een\u00e1 je na skale a ani br\u00e1ny pekeln\u00e9 ju neprem\u00f4\u017eu; lebo skala t\u00e1 je Kristus Je\u017ei\u0161. Ale v\u00e1\u017ena v\u00fdpove\u010f t\u00e1to plat\u00ed vzh\u013eadom na cirkevn\u00e9 u\u010denie a na dan\u00e9 cirkvi milosti; <b>in\u00e1\u010d bez cirkevn\u00edkov nieto cirkve.<\/b> A preto je na \u010dase ot\u00e1zka: \u010di sme my ozaj cirkevn\u00edci? \u010ci ako tak\u00ed smle zaspieva\u0165 si m\u00f4\u017eeme: \u201cHrad p\u0159epevn\u00fd jest P\u00e1n B\u00fah n\u00e1\u0161\u201d?<\/p>\n<p>Skuto\u010dnos\u0165, nie len \u00faradnia cirkev, ale i \u017eivot, ukazuje, \u017ee je zle, ako dosia\u013e nebolo.<\/p>\n<p>Upadla cirkev.<\/p>\n<p>Pr\u00ed\u010dina:<span class=\"Apple-converted-space\">\u00a0 <\/span>Cirkev na\u0161a evanjelick\u00e1 upaduje preto, \u017ee na \u010dele jej, mus\u00ed sa to riec\u0165, s\u00fa zv\u00e4\u010d\u0161a mu\u017eovia, ktor\u00ed nie o kr\u00e1\u013eovstvo Bo\u017eie, ale o kr\u00e1\u013eovstvo svoje staros\u0165 zn\u00e1\u0161aj\u00fa; ktor\u00ed urobili z cirkve verejn\u00fd trh, kapsu, ku vykoris\u0165ovaniu z nej \u010d\u00edm viacej pre seba. \u017de nie len nepripravenos\u0165, plytkos\u0165 a neposv\u00e4tnos\u0165 u\u010dite\u013eov vo vecach n\u00e1bo\u017eensej \u0161kolskej v\u00fdchovy, ale<b> ve\u013emi husto <\/b>i slabos\u0165 k\u00e1zne Slova Bo\u017eieho, nepastierovanie a n\u00e1jomn\u00edctvo s\u00fa celou opaterou cirkevnou pre \u00faboh\u00fdch cirkevn\u00edkov.<\/p>\n<p>A tie konventy! Verejne o nich s\u00fad vynies\u0165 nemo\u017eno!<\/p>\n<p>N\u00e1sledky. Zo samospr\u00e1vy, nedotknute\u013enosti z\u00e1kladn\u00fdch kame\u0148ov trvania ev cirkve v Uhorsku, m\u00e1me u\u017e len zdrapy!<\/p>\n<p>Z n\u00e1s vych\u00e1dzaj\u00fa roje sekt\u00e1rov. Tak vychov\u00e1va na\u0161a cirkev!<\/p>\n<p>Vzpam\u00e4tajme sa, k\u00fdm je \u010das! V\u00e1\u017ene stoj ka\u017ed\u00fd na svojom mieste, nie len predstaven\u00ed ale i cirkevn\u00edci; aby sme krvou vyk\u00fapen\u00e9 dedictvo predkov svojich \u013eahkomyselne nezm\u00e1rnili!<\/p>\n<p><span class=\"Apple-converted-space\">\u00a0\u00a0 \u00a0 \u00a0 \u00a0 \u00a0 \u00a0 \u00a0 \u00a0 \u00a0 \u00a0 \u00a0 \u00a0 \u00a0 \u00a0 \u00a0 \u00a0 \u00a0 \u00a0 \u00a0 \u00a0 \u00a0 \u00a0 \u00a0 \u00a0 \u00a0 \u00a0 \u00a0 \u00a0 \u00a0 \u00a0 \u00a0 \u00a0 \u00a0 \u00a0 \u00a0 \u00a0 \u00a0 \u00a0 \u00a0 \u00a0 \u00a0 \u00a0 \u00a0<\/span><\/p>\n<p>\u010cebratsk\u00fd<\/p>\n","protected":false},"excerpt":{"rendered":"<p>Novoro\u010dn\u00e9 memento Pravda je, \u017ee na\u0161a ev. cirkev zalo\u017een\u00e1 je na skale a ani br\u00e1ny pekeln\u00e9 ju neprem\u00f4\u017eu; lebo skala t\u00e1 je Kristus Je\u017ei\u0161. Ale v\u00e1\u017ena v\u00fdpove\u010f t\u00e1to plat\u00ed vzh\u013eadom na cirkevn\u00e9 u\u010denie a na dan\u00e9 cirkvi milosti; in\u00e1\u010d bez cirkevn\u00edkov nieto cirkve. A preto je na \u010dase ot\u00e1zka: \u010di sme my ozaj cirkevn\u00edci? \u010ci &#8230; <a title=\"\u010co p\u00edsali  v &#8222;Koruhvi na Sione v roku 1897&#8220;\" class=\"read-more\" href=\"https:\/\/www.e-anjelik.sk\/index.php\/2019\/02\/08\/co-pisali-v-koruhvi-na-sione-v-roku-1897\/\" aria-label=\"Pre\u010d\u00edtajte si viac o \u010co p\u00edsali  v &#8222;Koruhvi na Sione v roku 1897&#8220;\">\u010c\u00edta\u0165 viac<\/a><\/p>\n","protected":false},"author":4,"featured_media":0,"comment_status":"open","ping_status":"open","sticky":false,"template":"","format":"standard","meta":{"footnotes":""},"categories":[193,73,386],"tags":[],"class_list":["post-32214","post","type-post","status-publish","format-standard","hentry","category-co-pisu-ini","category-ecav","category-historicke-okienko"],"_links":{"self":[{"href":"https:\/\/www.e-anjelik.sk\/index.php\/wp-json\/wp\/v2\/posts\/32214","targetHints":{"allow":["GET"]}}],"collection":[{"href":"https:\/\/www.e-anjelik.sk\/index.php\/wp-json\/wp\/v2\/posts"}],"about":[{"href":"https:\/\/www.e-anjelik.sk\/index.php\/wp-json\/wp\/v2\/types\/post"}],"author":[{"embeddable":true,"href":"https:\/\/www.e-anjelik.sk\/index.php\/wp-json\/wp\/v2\/users\/4"}],"replies":[{"embeddable":true,"href":"https:\/\/www.e-anjelik.sk\/index.php\/wp-json\/wp\/v2\/comments?post=32214"}],"version-history":[{"count":3,"href":"https:\/\/www.e-anjelik.sk\/index.php\/wp-json\/wp\/v2\/posts\/32214\/revisions"}],"predecessor-version":[{"id":32221,"href":"https:\/\/www.e-anjelik.sk\/index.php\/wp-json\/wp\/v2\/posts\/32214\/revisions\/32221"}],"wp:attachment":[{"href":"https:\/\/www.e-anjelik.sk\/index.php\/wp-json\/wp\/v2\/media?parent=32214"}],"wp:term":[{"taxonomy":"category","embeddable":true,"href":"https:\/\/www.e-anjelik.sk\/index.php\/wp-json\/wp\/v2\/categories?post=32214"},{"taxonomy":"post_tag","embeddable":true,"href":"https:\/\/www.e-anjelik.sk\/index.php\/wp-json\/wp\/v2\/tags?post=32214"}],"curies":[{"name":"wp","href":"https:\/\/api.w.org\/{rel}","templated":true}]}}