{"id":3224,"date":"2010-12-02T13:13:23","date_gmt":"2010-12-02T13:13:23","guid":{"rendered":"http:\/\/e-anjelik.sk\/?p=3224"},"modified":"2010-12-02T13:13:23","modified_gmt":"2010-12-02T13:13:23","slug":"300-rokov-luteranizmu-v-petrohrade","status":"publish","type":"post","link":"https:\/\/www.e-anjelik.sk\/index.php\/2010\/12\/02\/300-rokov-luteranizmu-v-petrohrade\/","title":{"rendered":"300 rokov luteranizmu v Petrohrade"},"content":{"rendered":"<p>Nemeck&yacute; evanjelicko-luter&aacute;nsky cirkevn&yacute; zbor sv. Petra v Petrohrade konal 30. novembra t.r. na magistr&aacute;te mesta tla\u010dovku pre verejn&eacute; m&eacute;di&aacute; o jubileu zboru &#8211; 300 rokov trvania luteranov v meste. Teraj&scaron;&iacute; zbor sv. Anny a sv. Petra s&uacute; n&aacute;stupcami predrevolu\u010dn&eacute;ho nemeck&eacute;ho zboru sv.Petra. V s&uacute;\u010dasnosti vyv&iacute;jaj&uacute;&nbsp; ekumenick&eacute; a medzin&aacute;rodn&eacute; aktivity v meste. Takou akciou je &quot;Svie\u010dka pamiatke 2010&quot; &#8211; medzin&aacute;rodn&eacute; kres\u0165ansk&eacute;&nbsp;motopreteky ,organizovan&eacute; v spolupr&aacute;ci s Ruskou pravosl&aacute;vnou cirkvou, ka\u017edoro\u010dn&yacute; Svetov&yacute; de\u0148 modlitieb, sviatok det&iacute; na sv. Martina (s r&iacute;m. kat. cirkvou), &uacute;\u010das\u0165 na charitat&iacute;vnej pr&aacute;ci fondu &quot;Diakonia&quot; a in&eacute;. Jubilejn&eacute; oslavy sa bud&uacute; kona\u0165 od 3. do 5. decembra t.r. v katedr&aacute;le sv. Petra a Pavla&nbsp; , na Nevskom prospekte 22-24. Pl&aacute;nuje sa otvorenie v&yacute;stavy rusk&eacute;ho maliara nem. p&ocirc;vodu Adama Schmidta z Jaroslavi, otvorenie trvalej -st&aacute;lej Gal&eacute;rie pastorov Petrikirche, vedeck&aacute; konferencia venovan&aacute; dejin&aacute;m zboru a jeho obnovenie po rozpade SSSR, prezent&aacute;cia jubilejn&eacute;ho zborn&iacute;ka, koncerty starobylej hudby a sl&aacute;vnostn&eacute; slu\u017eby Bo\u017eie.<\/p>\n<p>(<a href=\"http:\/\/www.luther.ru\">www.luther.ru<\/a>)<\/p>\n","protected":false},"excerpt":{"rendered":"<p>Nemeck&yacute; evanjelicko-luter&aacute;nsky cirkevn&yacute; zbor sv. Petra v Petrohrade konal 30. novembra t.r. na magistr&aacute;te mesta tla\u010dovku pre verejn&eacute; m&eacute;di&aacute; o jubileu zboru &#8211; 300 rokov trvania luteranov v meste. Teraj&scaron;&iacute; zbor sv. Anny a sv. Petra s&uacute; n&aacute;stupcami predrevolu\u010dn&eacute;ho nemeck&eacute;ho zboru sv.Petra. V s&uacute;\u010dasnosti vyv&iacute;jaj&uacute;&nbsp; ekumenick&eacute; a medzin&aacute;rodn&eacute; aktivity v meste. Takou akciou je &quot;Svie\u010dka &#8230; <a title=\"300 rokov luteranizmu v Petrohrade\" class=\"read-more\" href=\"https:\/\/www.e-anjelik.sk\/index.php\/2010\/12\/02\/300-rokov-luteranizmu-v-petrohrade\/\" aria-label=\"Pre\u010d\u00edtajte si viac o 300 rokov luteranizmu v Petrohrade\">\u010c\u00edta\u0165 viac<\/a><\/p>\n","protected":false},"author":22,"featured_media":0,"comment_status":"open","ping_status":"open","sticky":false,"template":"","format":"standard","meta":{"footnotes":""},"categories":[35,10],"tags":[],"class_list":["post-3224","post","type-post","status-publish","format-standard","hentry","category-rusko-a-ine","category-zo-sveta"],"_links":{"self":[{"href":"https:\/\/www.e-anjelik.sk\/index.php\/wp-json\/wp\/v2\/posts\/3224","targetHints":{"allow":["GET"]}}],"collection":[{"href":"https:\/\/www.e-anjelik.sk\/index.php\/wp-json\/wp\/v2\/posts"}],"about":[{"href":"https:\/\/www.e-anjelik.sk\/index.php\/wp-json\/wp\/v2\/types\/post"}],"author":[{"embeddable":true,"href":"https:\/\/www.e-anjelik.sk\/index.php\/wp-json\/wp\/v2\/users\/22"}],"replies":[{"embeddable":true,"href":"https:\/\/www.e-anjelik.sk\/index.php\/wp-json\/wp\/v2\/comments?post=3224"}],"version-history":[{"count":0,"href":"https:\/\/www.e-anjelik.sk\/index.php\/wp-json\/wp\/v2\/posts\/3224\/revisions"}],"wp:attachment":[{"href":"https:\/\/www.e-anjelik.sk\/index.php\/wp-json\/wp\/v2\/media?parent=3224"}],"wp:term":[{"taxonomy":"category","embeddable":true,"href":"https:\/\/www.e-anjelik.sk\/index.php\/wp-json\/wp\/v2\/categories?post=3224"},{"taxonomy":"post_tag","embeddable":true,"href":"https:\/\/www.e-anjelik.sk\/index.php\/wp-json\/wp\/v2\/tags?post=3224"}],"curies":[{"name":"wp","href":"https:\/\/api.w.org\/{rel}","templated":true}]}}