{"id":3233,"date":"2010-12-06T08:22:35","date_gmt":"2010-12-06T08:22:35","guid":{"rendered":"http:\/\/e-anjelik.sk\/?p=3233"},"modified":"2010-12-06T08:22:35","modified_gmt":"2010-12-06T08:22:35","slug":"generalny-tajomnik-svetovej-rady-cirkvi-olav-fykse-tveit-na-navsteve-vo-vatikane","status":"publish","type":"post","link":"https:\/\/www.e-anjelik.sk\/index.php\/2010\/12\/06\/generalny-tajomnik-svetovej-rady-cirkvi-olav-fykse-tveit-na-navsteve-vo-vatikane\/","title":{"rendered":"Gener\u00e1lny tajomn\u00edk Svetovej rady cirkv\u00ed Olav Fykse Tveit na n\u00e1v\u0161teve vo Vatik\u00e1ne"},"content":{"rendered":"<p>V sobotu 4. decembra t.r. vo Vatik&aacute;ne bol na audiencii u p&aacute;pe\u017ea Benedikta XVI. gener&aacute;lny tajomn&iacute;k Svetovej rady cirkv&iacute; (SRC) zo \u017denevy, luter&aacute;nsky pastor, Olav Fykse Tveit. Predmetom ich vz&aacute;jomn&eacute;ho rozhovoru boli p&aacute;l\u010div&eacute; ot&aacute;zky &#8211; \u0165a\u017ekosti v dial&oacute;gu medzi kres\u0165ansk&yacute;mi cirkvami.&quot;Ekumenick&eacute; hnutie m&aacute; o\u010dak&aacute;vania ,ktor&eacute; sa neplnia, a vn&uacute;tri cirkvi ako aj medzi nimi doch&aacute;dza k nap&auml;tiam&quot;,povedal Tveit. Pri rozhovoroch chcel Tveit zd&ocirc;razni\u0165 ochotu SRC posilni\u0165 jednotu cirkv&iacute; a chcel hovori\u0165 o situ&aacute;cii kres\u0165anov na Bl&iacute;zkom V&yacute;chode. Ostatn&eacute; stretnutie gen. taj. SRC a p&aacute;pe\u017ea bolo pred troma rokmi. V&nbsp;SRC je 349 \u010dlensk&yacute;ch cirkv&iacute; anglik&aacute;nskych, reformovan&yacute;ch, luter&aacute;nskych, pravosl&aacute;vnych a in&yacute;ch protestantsk&yacute;ch. R&iacute;mskokatol&iacute;cka cirkev nie je \u010dlenkou SRC, ale je zast&uacute;pen&aacute; deleg&aacute;tom vo viacer&yacute;ch&nbsp; komis&aacute;ch SRC.<\/p>\n<p>(<a href=\"http:\/\/www.epd.de\">www.epd.de<\/a>)<\/p>\n","protected":false},"excerpt":{"rendered":"<p>V sobotu 4. decembra t.r. vo Vatik&aacute;ne bol na audiencii u p&aacute;pe\u017ea Benedikta XVI. gener&aacute;lny tajomn&iacute;k Svetovej rady cirkv&iacute; (SRC) zo \u017denevy, luter&aacute;nsky pastor, Olav Fykse Tveit. Predmetom ich vz&aacute;jomn&eacute;ho rozhovoru boli p&aacute;l\u010div&eacute; ot&aacute;zky &#8211; \u0165a\u017ekosti v dial&oacute;gu medzi kres\u0165ansk&yacute;mi cirkvami.&quot;Ekumenick&eacute; hnutie m&aacute; o\u010dak&aacute;vania ,ktor&eacute; sa neplnia, a vn&uacute;tri cirkvi ako aj medzi nimi doch&aacute;dza &#8230; <a title=\"Gener\u00e1lny tajomn\u00edk Svetovej rady cirkv\u00ed Olav Fykse Tveit na n\u00e1v\u0161teve vo Vatik\u00e1ne\" class=\"read-more\" href=\"https:\/\/www.e-anjelik.sk\/index.php\/2010\/12\/06\/generalny-tajomnik-svetovej-rady-cirkvi-olav-fykse-tveit-na-navsteve-vo-vatikane\/\" aria-label=\"Pre\u010d\u00edtajte si viac o Gener\u00e1lny tajomn\u00edk Svetovej rady cirkv\u00ed Olav Fykse Tveit na n\u00e1v\u0161teve vo Vatik\u00e1ne\">\u010c\u00edta\u0165 viac<\/a><\/p>\n","protected":false},"author":22,"featured_media":0,"comment_status":"open","ping_status":"open","sticky":false,"template":"","format":"standard","meta":{"footnotes":""},"categories":[2],"tags":[],"class_list":["post-3233","post","type-post","status-publish","format-standard","hentry","category-ekumena"],"_links":{"self":[{"href":"https:\/\/www.e-anjelik.sk\/index.php\/wp-json\/wp\/v2\/posts\/3233","targetHints":{"allow":["GET"]}}],"collection":[{"href":"https:\/\/www.e-anjelik.sk\/index.php\/wp-json\/wp\/v2\/posts"}],"about":[{"href":"https:\/\/www.e-anjelik.sk\/index.php\/wp-json\/wp\/v2\/types\/post"}],"author":[{"embeddable":true,"href":"https:\/\/www.e-anjelik.sk\/index.php\/wp-json\/wp\/v2\/users\/22"}],"replies":[{"embeddable":true,"href":"https:\/\/www.e-anjelik.sk\/index.php\/wp-json\/wp\/v2\/comments?post=3233"}],"version-history":[{"count":0,"href":"https:\/\/www.e-anjelik.sk\/index.php\/wp-json\/wp\/v2\/posts\/3233\/revisions"}],"wp:attachment":[{"href":"https:\/\/www.e-anjelik.sk\/index.php\/wp-json\/wp\/v2\/media?parent=3233"}],"wp:term":[{"taxonomy":"category","embeddable":true,"href":"https:\/\/www.e-anjelik.sk\/index.php\/wp-json\/wp\/v2\/categories?post=3233"},{"taxonomy":"post_tag","embeddable":true,"href":"https:\/\/www.e-anjelik.sk\/index.php\/wp-json\/wp\/v2\/tags?post=3233"}],"curies":[{"name":"wp","href":"https:\/\/api.w.org\/{rel}","templated":true}]}}