{"id":3239,"date":"2010-12-08T08:26:37","date_gmt":"2010-12-08T08:26:37","guid":{"rendered":"http:\/\/e-anjelik.sk\/?p=3239"},"modified":"2010-12-08T08:26:37","modified_gmt":"2010-12-08T08:26:37","slug":"rozsiruju-socialne-zariadenia-v-sarvasi-madarsko","status":"publish","type":"post","link":"https:\/\/www.e-anjelik.sk\/index.php\/2010\/12\/08\/rozsiruju-socialne-zariadenia-v-sarvasi-madarsko\/","title":{"rendered":"Roz\u0161iruj\u00fa soci\u00e1lne zariadenia v Sarva\u0161i, Ma\u010farsko"},"content":{"rendered":"<p>Evanjelick&aacute; cirkev v MR vypracovala projekt roz&scaron;&iacute;renia soci&aacute;lnych zariaden&iacute; pri Diakonii Star&eacute;ho kostola v Sarva&scaron;i. V marci t.r. cirkev dostala ofici&aacute;lne ozn&aacute;menie, \u017ee pomocou Eur&oacute;pskej &uacute;nie a vl&aacute;dy MR z&iacute;skali grant vo v&yacute;&scaron;ke 94 mili&oacute;nov 849 tis&iacute;c 698 forintov. Na jese\u0148 2010 sa pustili do pr&aacute;ce a na jar bud&uacute;ceho roku po\u010d&iacute;taj&uacute; s otvoren&iacute;m a prv&yacute;mi slu\u017ebami pre vy&scaron;e 100 os&ocirc;b ,kde bude zamestnan&yacute;ch do 60 \u013eud&iacute;.<\/p>\n<p>(<a href=\"http:\/\/www.evangelikus.hu\">www.evangelikus.hu<\/a>)<\/p>\n","protected":false},"excerpt":{"rendered":"<p>Evanjelick&aacute; cirkev v MR vypracovala projekt roz&scaron;&iacute;renia soci&aacute;lnych zariaden&iacute; pri Diakonii Star&eacute;ho kostola v Sarva&scaron;i. V marci t.r. cirkev dostala ofici&aacute;lne ozn&aacute;menie, \u017ee pomocou Eur&oacute;pskej &uacute;nie a vl&aacute;dy MR z&iacute;skali grant vo v&yacute;&scaron;ke 94 mili&oacute;nov 849 tis&iacute;c 698 forintov. Na jese\u0148 2010 sa pustili do pr&aacute;ce a na jar bud&uacute;ceho roku po\u010d&iacute;taj&uacute; s otvoren&iacute;m a &#8230; <a title=\"Roz\u0161iruj\u00fa soci\u00e1lne zariadenia v Sarva\u0161i, Ma\u010farsko\" class=\"read-more\" href=\"https:\/\/www.e-anjelik.sk\/index.php\/2010\/12\/08\/rozsiruju-socialne-zariadenia-v-sarvasi-madarsko\/\" aria-label=\"Pre\u010d\u00edtajte si viac o Roz\u0161iruj\u00fa soci\u00e1lne zariadenia v Sarva\u0161i, Ma\u010farsko\">\u010c\u00edta\u0165 viac<\/a><\/p>\n","protected":false},"author":22,"featured_media":0,"comment_status":"open","ping_status":"open","sticky":false,"template":"","format":"standard","meta":{"footnotes":""},"categories":[1],"tags":[221],"class_list":["post-3239","post","type-post","status-publish","format-standard","hentry","category-adventna-modlitba","tag-diakonia"],"_links":{"self":[{"href":"https:\/\/www.e-anjelik.sk\/index.php\/wp-json\/wp\/v2\/posts\/3239","targetHints":{"allow":["GET"]}}],"collection":[{"href":"https:\/\/www.e-anjelik.sk\/index.php\/wp-json\/wp\/v2\/posts"}],"about":[{"href":"https:\/\/www.e-anjelik.sk\/index.php\/wp-json\/wp\/v2\/types\/post"}],"author":[{"embeddable":true,"href":"https:\/\/www.e-anjelik.sk\/index.php\/wp-json\/wp\/v2\/users\/22"}],"replies":[{"embeddable":true,"href":"https:\/\/www.e-anjelik.sk\/index.php\/wp-json\/wp\/v2\/comments?post=3239"}],"version-history":[{"count":0,"href":"https:\/\/www.e-anjelik.sk\/index.php\/wp-json\/wp\/v2\/posts\/3239\/revisions"}],"wp:attachment":[{"href":"https:\/\/www.e-anjelik.sk\/index.php\/wp-json\/wp\/v2\/media?parent=3239"}],"wp:term":[{"taxonomy":"category","embeddable":true,"href":"https:\/\/www.e-anjelik.sk\/index.php\/wp-json\/wp\/v2\/categories?post=3239"},{"taxonomy":"post_tag","embeddable":true,"href":"https:\/\/www.e-anjelik.sk\/index.php\/wp-json\/wp\/v2\/tags?post=3239"}],"curies":[{"name":"wp","href":"https:\/\/api.w.org\/{rel}","templated":true}]}}