{"id":3240,"date":"2010-12-08T08:44:45","date_gmt":"2010-12-08T08:44:45","guid":{"rendered":"http:\/\/e-anjelik.sk\/?p=3240"},"modified":"2010-12-08T08:44:45","modified_gmt":"2010-12-08T08:44:45","slug":"podpisali-spolocny-dokument-norskej-ekumeny","status":"publish","type":"post","link":"https:\/\/www.e-anjelik.sk\/index.php\/2010\/12\/08\/podpisali-spolocny-dokument-norskej-ekumeny\/","title":{"rendered":"Podp\u00edsali spolo\u010dn\u00fd dokument n\u00f3rskej ekum\u00e9ny"},"content":{"rendered":"<p>V utorok 7. dec.t.r. podp&iacute;sali v Oslo spolo\u010dn&yacute; dokument 16 kres\u0165ansk&yacute;ch cirkv&iacute; a organiz&aacute;cii N&oacute;rska &#8211; N&oacute;rska kres\u0165ansk&aacute; rada &#8211; o pomeroch a pr&aacute;ci s imigratmi, ktor&iacute; prich&aacute;dzaj&uacute; do N&oacute;rska. V dokumente sa kon&scaron;tatuje, \u017ee polovica t&yacute;chto imigrantov m&aacute; kres\u0165ansk&eacute; korene, preto je potrebn&eacute; o integr&aacute;ciu do n&oacute;rskej spolo\u010dnosti a cirkv&iacute;. S&uacute;\u010dasne je \u017eiad&uacute;ce venova\u0165 dial&oacute;g aj t&yacute;m druh&yacute;m, ktor&iacute; nie s&uacute; kres\u0165ania. Dokument je prezentovan&yacute; pod n&aacute;zvom &quot;Toto sme my&quot; a m&aacute; charakter v&iacute;zie &#8211; v&yacute;h\u013eadu do bud&uacute;cnosti.<\/p>\n<p>(<a href=\"http:\/\/www.kirken.no\">www.kirken.no<\/a>)<\/p>\n","protected":false},"excerpt":{"rendered":"<p>V utorok 7. dec.t.r. podp&iacute;sali v Oslo spolo\u010dn&yacute; dokument 16 kres\u0165ansk&yacute;ch cirkv&iacute; a organiz&aacute;cii N&oacute;rska &#8211; N&oacute;rska kres\u0165ansk&aacute; rada &#8211; o pomeroch a pr&aacute;ci s imigratmi, ktor&iacute; prich&aacute;dzaj&uacute; do N&oacute;rska. V dokumente sa kon&scaron;tatuje, \u017ee polovica t&yacute;chto imigrantov m&aacute; kres\u0165ansk&eacute; korene, preto je potrebn&eacute; o integr&aacute;ciu do n&oacute;rskej spolo\u010dnosti a cirkv&iacute;. S&uacute;\u010dasne je \u017eiad&uacute;ce venova\u0165 &#8230; <a title=\"Podp\u00edsali spolo\u010dn\u00fd dokument n\u00f3rskej ekum\u00e9ny\" class=\"read-more\" href=\"https:\/\/www.e-anjelik.sk\/index.php\/2010\/12\/08\/podpisali-spolocny-dokument-norskej-ekumeny\/\" aria-label=\"Pre\u010d\u00edtajte si viac o Podp\u00edsali spolo\u010dn\u00fd dokument n\u00f3rskej ekum\u00e9ny\">\u010c\u00edta\u0165 viac<\/a><\/p>\n","protected":false},"author":22,"featured_media":0,"comment_status":"open","ping_status":"open","sticky":false,"template":"","format":"standard","meta":{"footnotes":""},"categories":[2,42,10],"tags":[],"class_list":["post-3240","post","type-post","status-publish","format-standard","hentry","category-ekumena","category-skandinavia","category-zo-sveta"],"_links":{"self":[{"href":"https:\/\/www.e-anjelik.sk\/index.php\/wp-json\/wp\/v2\/posts\/3240","targetHints":{"allow":["GET"]}}],"collection":[{"href":"https:\/\/www.e-anjelik.sk\/index.php\/wp-json\/wp\/v2\/posts"}],"about":[{"href":"https:\/\/www.e-anjelik.sk\/index.php\/wp-json\/wp\/v2\/types\/post"}],"author":[{"embeddable":true,"href":"https:\/\/www.e-anjelik.sk\/index.php\/wp-json\/wp\/v2\/users\/22"}],"replies":[{"embeddable":true,"href":"https:\/\/www.e-anjelik.sk\/index.php\/wp-json\/wp\/v2\/comments?post=3240"}],"version-history":[{"count":0,"href":"https:\/\/www.e-anjelik.sk\/index.php\/wp-json\/wp\/v2\/posts\/3240\/revisions"}],"wp:attachment":[{"href":"https:\/\/www.e-anjelik.sk\/index.php\/wp-json\/wp\/v2\/media?parent=3240"}],"wp:term":[{"taxonomy":"category","embeddable":true,"href":"https:\/\/www.e-anjelik.sk\/index.php\/wp-json\/wp\/v2\/categories?post=3240"},{"taxonomy":"post_tag","embeddable":true,"href":"https:\/\/www.e-anjelik.sk\/index.php\/wp-json\/wp\/v2\/tags?post=3240"}],"curies":[{"name":"wp","href":"https:\/\/api.w.org\/{rel}","templated":true}]}}