{"id":3246,"date":"2010-12-10T15:35:37","date_gmt":"2010-12-10T15:35:37","guid":{"rendered":"http:\/\/e-anjelik.sk\/?p=3246"},"modified":"2010-12-10T15:35:37","modified_gmt":"2010-12-10T15:35:37","slug":"johannes-stockmeier-novy-prezident-diakonie-ekd","status":"publish","type":"post","link":"https:\/\/www.e-anjelik.sk\/index.php\/2010\/12\/10\/johannes-stockmeier-novy-prezident-diakonie-ekd\/","title":{"rendered":"Johannes Stockmeier &#8211; nov\u00fd prezident Diakonie EKD"},"content":{"rendered":"<p>9. decembra 2010 Diakonick&aacute; konferencia v Kasseli zvolila za nov&eacute;ho prezidenta Diakonie Evanjelickej cirkvi Nemecka 62-ro\u010dn&eacute;ho predsedu Diakonie v Badensku. Stockmeier z&iacute;skal 61 hlasov z 82 odovzdan&yacute;ch. 18 hlasovali proti, tri hlasy boli neplatn&eacute;. V &uacute;rade bude tri roky. Je pova\u017eovan&yacute; za schopn&eacute;ho vyvies\u0165 Diakoniu z kr&iacute;zy. Jeho predchodca -prezident Kottnik 27. septembra t.r. zlo\u017eil &uacute;rad -ofici&aacute;lne zo zdravotn&yacute;ch d&ocirc;vodov. Predt&yacute;m vypukol &scaron;kand&aacute;l, lebo jeho osobn&yacute; referent Walter Merz bol partnerom poradenskej firmy,ktor&aacute; z&iacute;skala zak&aacute;zky vo v&yacute;&scaron;ke 700 tis&iacute;c &euro;. &nbsp;Stockmeier nast&uacute;pi do &uacute;radu 15. janu&aacute;ra 2011. Diakonick&eacute; dielo EKD je stre&scaron;nou organiz&aacute;ciou asi 28 tis&iacute;c zariaden&iacute; s takmer 450 tis&iacute;cmi zamestanancami na pln&yacute; &uacute;v&auml;zok a asi 400 tis&iacute;cmi dobrovo\u013en&iacute;kmi.<\/p>\n<p>(<a href=\"http:\/\/www.idea.de\">www.idea.de<\/a>)<\/p>\n","protected":false},"excerpt":{"rendered":"<p>9. decembra 2010 Diakonick&aacute; konferencia v Kasseli zvolila za nov&eacute;ho prezidenta Diakonie Evanjelickej cirkvi Nemecka 62-ro\u010dn&eacute;ho predsedu Diakonie v Badensku. Stockmeier z&iacute;skal 61 hlasov z 82 odovzdan&yacute;ch. 18 hlasovali proti, tri hlasy boli neplatn&eacute;. V &uacute;rade bude tri roky. Je pova\u017eovan&yacute; za schopn&eacute;ho vyvies\u0165 Diakoniu z kr&iacute;zy. Jeho predchodca -prezident Kottnik 27. septembra t.r. zlo\u017eil &#8230; <a title=\"Johannes Stockmeier &#8211; nov\u00fd prezident Diakonie EKD\" class=\"read-more\" href=\"https:\/\/www.e-anjelik.sk\/index.php\/2010\/12\/10\/johannes-stockmeier-novy-prezident-diakonie-ekd\/\" aria-label=\"Pre\u010d\u00edtajte si viac o Johannes Stockmeier &#8211; nov\u00fd prezident Diakonie EKD\">\u010c\u00edta\u0165 viac<\/a><\/p>\n","protected":false},"author":22,"featured_media":0,"comment_status":"open","ping_status":"open","sticky":false,"template":"","format":"standard","meta":{"footnotes":""},"categories":[1],"tags":[221],"class_list":["post-3246","post","type-post","status-publish","format-standard","hentry","category-adventna-modlitba","tag-diakonia"],"_links":{"self":[{"href":"https:\/\/www.e-anjelik.sk\/index.php\/wp-json\/wp\/v2\/posts\/3246","targetHints":{"allow":["GET"]}}],"collection":[{"href":"https:\/\/www.e-anjelik.sk\/index.php\/wp-json\/wp\/v2\/posts"}],"about":[{"href":"https:\/\/www.e-anjelik.sk\/index.php\/wp-json\/wp\/v2\/types\/post"}],"author":[{"embeddable":true,"href":"https:\/\/www.e-anjelik.sk\/index.php\/wp-json\/wp\/v2\/users\/22"}],"replies":[{"embeddable":true,"href":"https:\/\/www.e-anjelik.sk\/index.php\/wp-json\/wp\/v2\/comments?post=3246"}],"version-history":[{"count":0,"href":"https:\/\/www.e-anjelik.sk\/index.php\/wp-json\/wp\/v2\/posts\/3246\/revisions"}],"wp:attachment":[{"href":"https:\/\/www.e-anjelik.sk\/index.php\/wp-json\/wp\/v2\/media?parent=3246"}],"wp:term":[{"taxonomy":"category","embeddable":true,"href":"https:\/\/www.e-anjelik.sk\/index.php\/wp-json\/wp\/v2\/categories?post=3246"},{"taxonomy":"post_tag","embeddable":true,"href":"https:\/\/www.e-anjelik.sk\/index.php\/wp-json\/wp\/v2\/tags?post=3246"}],"curies":[{"name":"wp","href":"https:\/\/api.w.org\/{rel}","templated":true}]}}