{"id":32472,"date":"2019-04-11T14:29:00","date_gmt":"2019-04-11T12:29:00","guid":{"rendered":"http:\/\/e-anjelik.sk\/?p=32472"},"modified":"2019-04-12T18:52:44","modified_gmt":"2019-04-12T16:52:44","slug":"pozvanie-mrs","status":"publish","type":"post","link":"https:\/\/www.e-anjelik.sk\/index.php\/2019\/04\/11\/pozvanie-mrs\/","title":{"rendered":"Pozvanie &#8211; MR\u0160"},"content":{"rendered":"\n<h2 class=\"wp-block-heading\">Pozv\u00e1nka na konferenciu &#8222;Fenom\u00e9n \u0160tef\u00e1nik&#8220;<\/h2>\n\n\n\n<figure class=\"wp-block-image\"><a href=\"http:\/\/www.ecav.sk\/pictures\/text_images\/data_8750.jpg\" target=\"_blank\" rel=\"noreferrer noopener\"><img decoding=\"async\" src=\"http:\/\/www.ecav.sk\/pictures\/text_images\/data_8750_big.jpg\" alt=\"\"\/><\/a><\/figure>\n\n\n\n<p>\u00dastredie EPS v OS SR a OZ SR V\u00e1s srde\u010dne poz\u00fdva na medzin\u00e1rodn\u00fa konferenciu \u201eFenom\u00e9n \u0160tef\u00e1nik\u201c, ktor\u00e1 sa uskuto\u010dn\u00ed v d\u0148och 13.- 14. m\u00e1ja 2019.<\/p>\n\n\n\n<p>Program konferencie:&nbsp;<br><br><strong>13.5.2019 &#8211; V\u00fdstup na Mohylu (Ko\u0161arisk\u00e1; Mohyla na Bradle;)<br><\/strong>\u2022 do 15,30 hod &#8211; pr\u00edchod do Ko\u0161ar\u00edsk<br>\u2022 15,30 &#8211; 16,00 hod &#8211; prijatie starostom Ko\u0161ar\u00edsk v m\u00fazeu M. R. \u0160tef\u00e1nika<br>\u2022 16,00 &#8211; 18,00 hod &#8211; v\u00fdstup na Mohylu<br>\u2022 18,00 &#8211; 18,30 hod &#8211; pietny akt, kladenie vencov, prejavy, zap\u00e1lenie vatry, ukon\u010denie<br><br><br><strong>14.5.2019 \u2013 Predn\u00e1\u0161ky (Hotel \u0160tef\u00e1nik, Myjava)<br><\/strong>\u2022 08,30 &#8211; 09,00 hod &#8211; zah\u00e1jenie konferencie<br>\u2022 09,00 &#8211; 10,00 hod &#8211; predn\u00e1\u0161ka: M. R. \u0160tef\u00e1nik a \u010ceskoslovensk\u00e9 l\u00e9gie (Mgr. Michal K\u0161i\u0148an, MAS, PhD.)<br>\u2022 10,00 &#8211; 10,15 hod &#8211; diskusia<br>\u2022 10,15 &#8211; 10,30 hod &#8211; ob\u010derstvenie<br>\u2022 10,30 &#8211; 11,30 hod &#8211; rozbor filmov\u00e9ho diela: \u201e\u0160tef\u00e1nik. Pr\u00edbeh hrdinu. Poroba.\u201c (PhDr. Pavol Kanis, CSc.)<br>\u2022 11,30 &#8211; 11,45 hod &#8211; diskusia<br>\u2022 11,45 &#8211; 12,00 hod &#8211; ob\u010derstvenie<br>\u2022 12,00 &#8211; 13,00 hod &#8211; predn\u00e1\u0161ka: Ikonografia \u0160tef\u00e1nikovho pomn\u00edka v Bratislave (PhDr. Ferdinand Vr\u00e1bel)<br>\u2022 13,00 &#8211; 13,15 hod &#8211; diskusia<br>\u2022 13,30 &#8211; 14,30 hod &#8211; obed<br>\u2022 14,30 &#8211; 15,00 hod &#8211; presun do kostola ECAV Myjava<br>\u2022 15,00 &#8211; 16,00 hod &#8211; ekumenick\u00e1 bohoslu\u017eba, kostol ECAV Myjava, ofici\u00e1lne ukon\u010denie konferencie<br><\/p>\n\n\n\n<p>plk. Marian Bodoll\u00f3, gener\u00e1lny duchovn\u00fd OS a OZ SR&nbsp;|&nbsp;8.4.2019<\/p>\n\n\n\n<p><a href=\"http:\/\/www.ecav.sk\/?p=spravodajstvo\/SPRecav\">sp\u00e4\u0165 na kateg\u00f3riu<\/a><\/p>\n","protected":false},"excerpt":{"rendered":"<p>Pozv\u00e1nka na konferenciu &#8222;Fenom\u00e9n \u0160tef\u00e1nik&#8220; \u00dastredie EPS v OS SR a OZ SR V\u00e1s srde\u010dne poz\u00fdva na medzin\u00e1rodn\u00fa konferenciu \u201eFenom\u00e9n \u0160tef\u00e1nik\u201c, ktor\u00e1 sa uskuto\u010dn\u00ed v d\u0148och 13.- 14. m\u00e1ja 2019. Program konferencie:&nbsp; 13.5.2019 &#8211; V\u00fdstup na Mohylu (Ko\u0161arisk\u00e1; Mohyla na Bradle;)\u2022 do 15,30 hod &#8211; pr\u00edchod do Ko\u0161ar\u00edsk\u2022 15,30 &#8211; 16,00 hod &#8211; prijatie starostom &#8230; <a title=\"Pozvanie &#8211; MR\u0160\" class=\"read-more\" href=\"https:\/\/www.e-anjelik.sk\/index.php\/2019\/04\/11\/pozvanie-mrs\/\" aria-label=\"Pre\u010d\u00edtajte si viac o Pozvanie &#8211; MR\u0160\">\u010c\u00edta\u0165 viac<\/a><\/p>\n","protected":false},"author":4,"featured_media":0,"comment_status":"open","ping_status":"open","sticky":false,"template":"","format":"standard","meta":{"footnotes":""},"categories":[4,171,118],"tags":[],"class_list":["post-32472","post","type-post","status-publish","format-standard","hentry","category-akcie","category-kosariska-priepasne","category-myjava"],"_links":{"self":[{"href":"https:\/\/www.e-anjelik.sk\/index.php\/wp-json\/wp\/v2\/posts\/32472","targetHints":{"allow":["GET"]}}],"collection":[{"href":"https:\/\/www.e-anjelik.sk\/index.php\/wp-json\/wp\/v2\/posts"}],"about":[{"href":"https:\/\/www.e-anjelik.sk\/index.php\/wp-json\/wp\/v2\/types\/post"}],"author":[{"embeddable":true,"href":"https:\/\/www.e-anjelik.sk\/index.php\/wp-json\/wp\/v2\/users\/4"}],"replies":[{"embeddable":true,"href":"https:\/\/www.e-anjelik.sk\/index.php\/wp-json\/wp\/v2\/comments?post=32472"}],"version-history":[{"count":1,"href":"https:\/\/www.e-anjelik.sk\/index.php\/wp-json\/wp\/v2\/posts\/32472\/revisions"}],"predecessor-version":[{"id":32473,"href":"https:\/\/www.e-anjelik.sk\/index.php\/wp-json\/wp\/v2\/posts\/32472\/revisions\/32473"}],"wp:attachment":[{"href":"https:\/\/www.e-anjelik.sk\/index.php\/wp-json\/wp\/v2\/media?parent=32472"}],"wp:term":[{"taxonomy":"category","embeddable":true,"href":"https:\/\/www.e-anjelik.sk\/index.php\/wp-json\/wp\/v2\/categories?post=32472"},{"taxonomy":"post_tag","embeddable":true,"href":"https:\/\/www.e-anjelik.sk\/index.php\/wp-json\/wp\/v2\/tags?post=32472"}],"curies":[{"name":"wp","href":"https:\/\/api.w.org\/{rel}","templated":true}]}}