{"id":3249,"date":"2010-12-11T11:49:17","date_gmt":"2010-12-11T11:49:17","guid":{"rendered":"http:\/\/e-anjelik.sk\/?p=3249"},"modified":"2010-12-11T11:49:17","modified_gmt":"2010-12-11T11:49:17","slug":"stedrovecerne-posedenia-pre-osamelych-v-hamburgu","status":"publish","type":"post","link":"https:\/\/www.e-anjelik.sk\/index.php\/2010\/12\/11\/stedrovecerne-posedenia-pre-osamelych-v-hamburgu\/","title":{"rendered":"\u0160tedrove\u010dern\u00e9 posedenia pre osamel\u00fdch v Hamburgu"},"content":{"rendered":"<p>Cirkevn&eacute; zbory v Hamburgu pre t&yacute;ch,\u010do sa c&iacute;tia by\u0165 osamel&yacute;mi, organizuj&uacute; na &Scaron;tedr&yacute; ve\u010der spolo\u010densk&eacute; posedenie, kde maj&uacute; poc&iacute;ti\u0165 teplo a spolo\u010denstvo in&yacute;ch \u013eud&iacute;. Poradensk&eacute; a pastora\u010dn&eacute; centrum hlavn&eacute;ho chr&aacute;mu sv. Petra organizuje tak&eacute;to podujatia u\u017e od roku 1973. Do 30 dobrovo\u013en&iacute;kov pritom pom&aacute;ha v tejto akcii. Podobne to robia i in&eacute; cirkevn&eacute; zbory ,napr. Sv. Michala a sv. Mikul&aacute;&scaron;a, Mat&uacute;&scaron;a, Mieru, Apo&scaron;tolov, Pavla a Luthera.<\/p>\n<p>(<a href=\"http:\/\/www.nordelbien.de\">www.nordelbien.de<\/a>)<\/p>\n","protected":false},"excerpt":{"rendered":"<p>Cirkevn&eacute; zbory v Hamburgu pre t&yacute;ch,\u010do sa c&iacute;tia by\u0165 osamel&yacute;mi, organizuj&uacute; na &Scaron;tedr&yacute; ve\u010der spolo\u010densk&eacute; posedenie, kde maj&uacute; poc&iacute;ti\u0165 teplo a spolo\u010denstvo in&yacute;ch \u013eud&iacute;. Poradensk&eacute; a pastora\u010dn&eacute; centrum hlavn&eacute;ho chr&aacute;mu sv. Petra organizuje tak&eacute;to podujatia u\u017e od roku 1973. Do 30 dobrovo\u013en&iacute;kov pritom pom&aacute;ha v tejto akcii. Podobne to robia i in&eacute; cirkevn&eacute; zbory ,napr. &#8230; <a title=\"\u0160tedrove\u010dern\u00e9 posedenia pre osamel\u00fdch v Hamburgu\" class=\"read-more\" href=\"https:\/\/www.e-anjelik.sk\/index.php\/2010\/12\/11\/stedrovecerne-posedenia-pre-osamelych-v-hamburgu\/\" aria-label=\"Pre\u010d\u00edtajte si viac o \u0160tedrove\u010dern\u00e9 posedenia pre osamel\u00fdch v Hamburgu\">\u010c\u00edta\u0165 viac<\/a><\/p>\n","protected":false},"author":22,"featured_media":0,"comment_status":"open","ping_status":"open","sticky":false,"template":"","format":"standard","meta":{"footnotes":""},"categories":[9,159,10],"tags":[221],"class_list":["post-3249","post","type-post","status-publish","format-standard","hentry","category-europa","category-vianoce","category-zo-sveta","tag-diakonia"],"_links":{"self":[{"href":"https:\/\/www.e-anjelik.sk\/index.php\/wp-json\/wp\/v2\/posts\/3249","targetHints":{"allow":["GET"]}}],"collection":[{"href":"https:\/\/www.e-anjelik.sk\/index.php\/wp-json\/wp\/v2\/posts"}],"about":[{"href":"https:\/\/www.e-anjelik.sk\/index.php\/wp-json\/wp\/v2\/types\/post"}],"author":[{"embeddable":true,"href":"https:\/\/www.e-anjelik.sk\/index.php\/wp-json\/wp\/v2\/users\/22"}],"replies":[{"embeddable":true,"href":"https:\/\/www.e-anjelik.sk\/index.php\/wp-json\/wp\/v2\/comments?post=3249"}],"version-history":[{"count":0,"href":"https:\/\/www.e-anjelik.sk\/index.php\/wp-json\/wp\/v2\/posts\/3249\/revisions"}],"wp:attachment":[{"href":"https:\/\/www.e-anjelik.sk\/index.php\/wp-json\/wp\/v2\/media?parent=3249"}],"wp:term":[{"taxonomy":"category","embeddable":true,"href":"https:\/\/www.e-anjelik.sk\/index.php\/wp-json\/wp\/v2\/categories?post=3249"},{"taxonomy":"post_tag","embeddable":true,"href":"https:\/\/www.e-anjelik.sk\/index.php\/wp-json\/wp\/v2\/tags?post=3249"}],"curies":[{"name":"wp","href":"https:\/\/api.w.org\/{rel}","templated":true}]}}