{"id":32492,"date":"2019-04-14T21:36:57","date_gmt":"2019-04-14T19:36:57","guid":{"rendered":"http:\/\/e-anjelik.sk\/?p=32492"},"modified":"2021-04-02T17:30:29","modified_gmt":"2021-04-02T15:30:29","slug":"m-razus-na-kvetnu-nedelu","status":"publish","type":"post","link":"https:\/\/www.e-anjelik.sk\/index.php\/2019\/04\/14\/m-razus-na-kvetnu-nedelu\/","title":{"rendered":"M.R\u00e1zus: Na kvetn\u00fa nede\u013eu"},"content":{"rendered":"\n<p>&nbsp;&nbsp; &nbsp; &nbsp; &nbsp; &nbsp; &nbsp; &nbsp; &nbsp; &nbsp; &nbsp; &nbsp; NA&nbsp; KVETN\u00da&nbsp; NEDE\u013dU<\/p>\n\n\n\n<p>&nbsp; &nbsp; &nbsp; &nbsp; &nbsp; &nbsp; &nbsp; &nbsp; &nbsp; &nbsp; &nbsp; &nbsp; &nbsp; &nbsp;<em> &nbsp; (Martin R\u00e1zus)<\/em><\/p>\n\n\n\n<p><em>Hosana, Kriste\u2026 kr\u00e1\u010da\u0161 zas,<\/em><\/p>\n\n\n\n<p><em>ke\u010f svit\u00e1 jari kr\u00e1sny \u010das,<\/em><\/p>\n\n\n\n<p><em>a pu\u010dia vnove ratolesti:<\/em><\/p>\n\n\n\n<p><em>Hosana\u2026\u00f3, \u010duj \u2014 ved\u013ea cesty!<\/em><\/p>\n\n\n\n<p><em>To du\u0161e na\u0161e volaj\u00fa,<\/em><\/p>\n\n\n\n<p><em>a zdravia \u0164a a v\u00edtaj\u00fa!<\/em><\/p>\n\n\n\n<p><em>Ach, postoj pri n\u00e1s, pozhovej,<\/em><\/p>\n\n\n\n<p><em>s\u00edl treba doby do novej,<\/em><\/p>\n\n\n\n<p><em>a kto n\u00e1m d\u00e1, ak Ty nie, mil\u00fd,<\/em><\/p>\n\n\n\n<p><em>k prav\u00e9mu \u017eitiu pravej sily?<\/em><\/p>\n\n\n\n<p><em>\u013dud pros\u00ed&nbsp; &#8211;&nbsp; \u013eudu svojmu daj,<\/em><\/p>\n\n\n\n<p><em>a v biedach s\u00e1m mu po\u017eehnaj!<\/em><\/p>\n\n\n\n<p><em>Na chor\u00fdch povznes svoje ruky<\/em><\/p>\n\n\n\n<p><em>a u\u013eav b\u00f4le, ut\u00ed\u0161 muky,<\/em><\/p>\n\n\n\n<p><em>uzdrav\u2026 a biednym k boku sta\u0148,<\/em><\/p>\n\n\n\n<p><em>\u017ei\u010d vy\u017eivenia &#8211; zl\u00e9ho chr\u00e1\u0148!<\/em><\/p>\n\n\n\n<p><em>Pom\u00e1haj \u013eudu, ke\u010f zem orie<\/em><\/p>\n\n\n\n<p><em>doma\u2026i t\u00fdm, \u010do \u0161li za more,<\/em><\/p>\n\n\n\n<p><em>a kdeko\u013evek s\u00fa pod nebom\u2026<\/em><\/p>\n\n\n\n<p><em>i t\u00fdm, \u010do id\u00fa za chlebom.<\/em><\/p>\n\n\n\n<p><em>&nbsp;A \u017eehnaj ro\u013e\u00e1m v zraste mladom<\/em><\/p>\n\n\n\n<p><em>po\u017eehnaj hriadkam, l\u00fakam, sadom,<\/em><\/p>\n\n\n\n<p><em>i priemyslu, i \u017eivnosti,<\/em><\/p>\n\n\n\n<p><em>tak \u013eud svoj l\u00e1skou uhosti!<\/em><\/p>\n\n\n\n<p><em>My k Tebe, Pane, m\u00e1me zrenie,<\/em><\/p>\n\n\n\n<p><em>hoc hrie\u0161nym na\u0161e pokolenie,<\/em><\/p>\n\n\n\n<p><em>v\u0161ak k radosti Ti chceme \u017ei\u0165,<\/em><\/p>\n\n\n\n<p><em>nie tr\u00e1pi\u0165 \u0164a a us\u00fa\u017ei\u0165.<\/em><\/p>\n\n\n\n<p><em>Len utvr\u010f s\u00e1m v n\u00e1s vieru st\u00e1lu:<\/em><\/p>\n\n\n\n<p><em>Hosana, Kriste, ve\u010dn\u00fd Kr\u00e1\u013eu! Amen<\/em><br><\/p>\n","protected":false},"excerpt":{"rendered":"<p>&nbsp;&nbsp; &nbsp; &nbsp; &nbsp; &nbsp; &nbsp; &nbsp; &nbsp; &nbsp; &nbsp; &nbsp; NA&nbsp; KVETN\u00da&nbsp; NEDE\u013dU &nbsp; &nbsp; &nbsp; &nbsp; &nbsp; &nbsp; &nbsp; &nbsp; &nbsp; &nbsp; &nbsp; &nbsp; &nbsp; &nbsp; &nbsp; (Martin R\u00e1zus) Hosana, Kriste\u2026 kr\u00e1\u010da\u0161 zas, ke\u010f svit\u00e1 jari kr\u00e1sny \u010das, a pu\u010dia vnove ratolesti: Hosana\u2026\u00f3, \u010duj \u2014 ved\u013ea cesty! To du\u0161e na\u0161e volaj\u00fa, a zdravia &#8230; <a title=\"M.R\u00e1zus: Na kvetn\u00fa nede\u013eu\" class=\"read-more\" href=\"https:\/\/www.e-anjelik.sk\/index.php\/2019\/04\/14\/m-razus-na-kvetnu-nedelu\/\" aria-label=\"Pre\u010d\u00edtajte si viac o M.R\u00e1zus: Na kvetn\u00fa nede\u013eu\">\u010c\u00edta\u0165 viac<\/a><\/p>\n","protected":false},"author":4,"featured_media":0,"comment_status":"open","ping_status":"open","sticky":false,"template":"","format":"standard","meta":{"footnotes":""},"categories":[539,165,53],"tags":[],"class_list":["post-32492","post","type-post","status-publish","format-standard","hentry","category-kvetna-nedela-palmarum","category-poezia-2","category-post"],"_links":{"self":[{"href":"https:\/\/www.e-anjelik.sk\/index.php\/wp-json\/wp\/v2\/posts\/32492","targetHints":{"allow":["GET"]}}],"collection":[{"href":"https:\/\/www.e-anjelik.sk\/index.php\/wp-json\/wp\/v2\/posts"}],"about":[{"href":"https:\/\/www.e-anjelik.sk\/index.php\/wp-json\/wp\/v2\/types\/post"}],"author":[{"embeddable":true,"href":"https:\/\/www.e-anjelik.sk\/index.php\/wp-json\/wp\/v2\/users\/4"}],"replies":[{"embeddable":true,"href":"https:\/\/www.e-anjelik.sk\/index.php\/wp-json\/wp\/v2\/comments?post=32492"}],"version-history":[{"count":1,"href":"https:\/\/www.e-anjelik.sk\/index.php\/wp-json\/wp\/v2\/posts\/32492\/revisions"}],"predecessor-version":[{"id":32493,"href":"https:\/\/www.e-anjelik.sk\/index.php\/wp-json\/wp\/v2\/posts\/32492\/revisions\/32493"}],"wp:attachment":[{"href":"https:\/\/www.e-anjelik.sk\/index.php\/wp-json\/wp\/v2\/media?parent=32492"}],"wp:term":[{"taxonomy":"category","embeddable":true,"href":"https:\/\/www.e-anjelik.sk\/index.php\/wp-json\/wp\/v2\/categories?post=32492"},{"taxonomy":"post_tag","embeddable":true,"href":"https:\/\/www.e-anjelik.sk\/index.php\/wp-json\/wp\/v2\/tags?post=32492"}],"curies":[{"name":"wp","href":"https:\/\/api.w.org\/{rel}","templated":true}]}}