{"id":32494,"date":"2019-04-15T14:05:50","date_gmt":"2019-04-15T12:05:50","guid":{"rendered":"http:\/\/e-anjelik.sk\/?p=32494"},"modified":"2021-06-03T11:19:23","modified_gmt":"2021-06-03T09:19:23","slug":"zomrel-ev-farar-jan-kachnic","status":"publish","type":"post","link":"https:\/\/www.e-anjelik.sk\/index.php\/2019\/04\/15\/zomrel-ev-farar-jan-kachnic\/","title":{"rendered":"Zomrel ev.far\u00e1r J\u00e1n Kachni\u010d"},"content":{"rendered":"\n<p><strong>Zomrel J\u00e1n Kachni\u010d<\/strong><\/p>\n\n\n\n<p>Lebo mne \u017ei\u0165 je: Kristus, a umrie\u0165: zisk. F 1,21<\/p>\n\n\n\n<p>S hlbok\u00fdm \u017eia\u013eom oznamujeme,&nbsp;<\/p>\n\n\n\n<p>\u017ee d\u0148a 10. apr\u00edla 2019&nbsp;<\/p>\n\n\n\n<p>po \u0165a\u017ekej chorobe zomrel vo veku 80 rokov&nbsp;<\/p>\n\n\n\n<p>n\u00e1\u0161 man\u017eel, brat, krstn\u00fd otec&nbsp;<\/p>\n\n\n\n<p>J\u00e1n Kachni\u010d&nbsp;<\/p>\n\n\n\n<p>evanjelick\u00fd a. v. far\u00e1r v. v.&nbsp;<\/p>\n\n\n\n<p>Rozl\u00fa\u010dka so zosnul\u00fdm sa bude kona\u0165 d\u0148a 16. apr\u00edla 2019&nbsp;<\/p>\n\n\n\n<p>o 9.00 hod.v \u010celovciach pri Krupine&nbsp;<\/p>\n\n\n\n<p>a o 14.00 hod. v Dome sm\u00fatku vo Vrbovciach.&nbsp;<\/p>\n\n\n\n<p>Zarm\u00faten\u00e1 man\u017eelka, sestra a krstn\u00e1 dc\u00e9ra s rodinou<br><\/p>\n","protected":false},"excerpt":{"rendered":"<p>Zomrel J\u00e1n Kachni\u010d Lebo mne \u017ei\u0165 je: Kristus, a umrie\u0165: zisk. F 1,21 S hlbok\u00fdm \u017eia\u013eom oznamujeme,&nbsp; \u017ee d\u0148a 10. apr\u00edla 2019&nbsp; po \u0165a\u017ekej chorobe zomrel vo veku 80 rokov&nbsp; n\u00e1\u0161 man\u017eel, brat, krstn\u00fd otec&nbsp; J\u00e1n Kachni\u010d&nbsp; evanjelick\u00fd a. v. far\u00e1r v. v.&nbsp; Rozl\u00fa\u010dka so zosnul\u00fdm sa bude kona\u0165 d\u0148a 16. apr\u00edla 2019&nbsp; o 9.00 &#8230; <a title=\"Zomrel ev.far\u00e1r J\u00e1n Kachni\u010d\" class=\"read-more\" href=\"https:\/\/www.e-anjelik.sk\/index.php\/2019\/04\/15\/zomrel-ev-farar-jan-kachnic\/\" aria-label=\"Pre\u010d\u00edtajte si viac o Zomrel ev.far\u00e1r J\u00e1n Kachni\u010d\">\u010c\u00edta\u0165 viac<\/a><\/p>\n","protected":false},"author":4,"featured_media":0,"comment_status":"open","ping_status":"open","sticky":false,"template":"","format":"standard","meta":{"footnotes":""},"categories":[193,322,69],"tags":[],"class_list":["post-32494","post","type-post","status-publish","format-standard","hentry","category-co-pisu-ini","category-nekrolog","category-spominame"],"_links":{"self":[{"href":"https:\/\/www.e-anjelik.sk\/index.php\/wp-json\/wp\/v2\/posts\/32494","targetHints":{"allow":["GET"]}}],"collection":[{"href":"https:\/\/www.e-anjelik.sk\/index.php\/wp-json\/wp\/v2\/posts"}],"about":[{"href":"https:\/\/www.e-anjelik.sk\/index.php\/wp-json\/wp\/v2\/types\/post"}],"author":[{"embeddable":true,"href":"https:\/\/www.e-anjelik.sk\/index.php\/wp-json\/wp\/v2\/users\/4"}],"replies":[{"embeddable":true,"href":"https:\/\/www.e-anjelik.sk\/index.php\/wp-json\/wp\/v2\/comments?post=32494"}],"version-history":[{"count":1,"href":"https:\/\/www.e-anjelik.sk\/index.php\/wp-json\/wp\/v2\/posts\/32494\/revisions"}],"predecessor-version":[{"id":32495,"href":"https:\/\/www.e-anjelik.sk\/index.php\/wp-json\/wp\/v2\/posts\/32494\/revisions\/32495"}],"wp:attachment":[{"href":"https:\/\/www.e-anjelik.sk\/index.php\/wp-json\/wp\/v2\/media?parent=32494"}],"wp:term":[{"taxonomy":"category","embeddable":true,"href":"https:\/\/www.e-anjelik.sk\/index.php\/wp-json\/wp\/v2\/categories?post=32494"},{"taxonomy":"post_tag","embeddable":true,"href":"https:\/\/www.e-anjelik.sk\/index.php\/wp-json\/wp\/v2\/tags?post=32494"}],"curies":[{"name":"wp","href":"https:\/\/api.w.org\/{rel}","templated":true}]}}