{"id":32497,"date":"2019-04-17T19:40:12","date_gmt":"2019-04-17T17:40:12","guid":{"rendered":"http:\/\/e-anjelik.sk\/?p=32497"},"modified":"2019-04-17T19:40:17","modified_gmt":"2019-04-17T17:40:17","slug":"zlatica-oravcova-postna-modlitba","status":"publish","type":"post","link":"https:\/\/www.e-anjelik.sk\/index.php\/2019\/04\/17\/zlatica-oravcova-postna-modlitba\/","title":{"rendered":"Zlatica Oravcov\u00e1 &#8211; P\u00f4stna modlitba"},"content":{"rendered":"\n<h2 class=\"wp-block-heading\"><br><\/h2>\n\n\n\n<p><\/p>\n\n\n\n<p>Pred Tebou kor\u00edme sa, drah\u00fd Pane,<br>\u010dujeme l\u00e1skou Tvoje srdce bi\u0165.<br>S nevestou \u017een\u00edch chce sa zasn\u00fabi\u0165,<br>by nevyrval n\u00e1s nikto z Tvojej dlane!<\/p>\n\n\n\n<p>Pod olivou dlieme tu, v Getsemane,<br>kde pad\u00e1 kropaj potu krvav\u00e1.<br>Bl\u00edzka je hrie\u0161nym nebies dia\u013eava,<br>Ty pribl\u00ed\u017eil si n\u00e1m ju, drah\u00fd Pane&#8230;<\/p>\n\n\n\n<p>Pod kr\u00ed\u017eom k\u013ea\u010d\u00edme tu, na Golgote,<br>vo tm\u00e1ch poludnia svieti ve\u010dn\u00fd jas!<br>H\u013ead\u00edme v slz\u00e1ch tento na obraz,<br>k brehom n\u00e1s nes\u00fa vyk\u00fapenia lode&#8230;<\/p>\n\n\n\n<p>Pod kr\u00ed\u017eom Tvojim k\u013ea\u010d\u00edme tu, Pane,<br>brat m\u00f4j i sestra moja, cel\u00fd zbor&#8230;<br>Vt\u00e1k piesn\u00ed let\u00ed hore nad obzor<br>a ohe\u0148 v\u010faky tich\u00fdm plamom planie!<br>Tvoje je po\u017eehnanie&#8230; Amen.<\/p>\n","protected":false},"excerpt":{"rendered":"<p>Pred Tebou kor\u00edme sa, drah\u00fd Pane,\u010dujeme l\u00e1skou Tvoje srdce bi\u0165.S nevestou \u017een\u00edch chce sa zasn\u00fabi\u0165,by nevyrval n\u00e1s nikto z Tvojej dlane! Pod olivou dlieme tu, v Getsemane,kde pad\u00e1 kropaj potu krvav\u00e1.Bl\u00edzka je hrie\u0161nym nebies dia\u013eava,Ty pribl\u00ed\u017eil si n\u00e1m ju, drah\u00fd Pane&#8230; Pod kr\u00ed\u017eom k\u013ea\u010d\u00edme tu, na Golgote,vo tm\u00e1ch poludnia svieti ve\u010dn\u00fd jas!H\u013ead\u00edme v slz\u00e1ch tento &#8230; <a title=\"Zlatica Oravcov\u00e1 &#8211; P\u00f4stna modlitba\" class=\"read-more\" href=\"https:\/\/www.e-anjelik.sk\/index.php\/2019\/04\/17\/zlatica-oravcova-postna-modlitba\/\" aria-label=\"Pre\u010d\u00edtajte si viac o Zlatica Oravcov\u00e1 &#8211; P\u00f4stna modlitba\">\u010c\u00edta\u0165 viac<\/a><\/p>\n","protected":false},"author":3,"featured_media":0,"comment_status":"open","ping_status":"open","sticky":false,"template":"","format":"standard","meta":{"footnotes":""},"categories":[165,53,77],"tags":[],"class_list":["post-32497","post","type-post","status-publish","format-standard","hentry","category-poezia-2","category-post","category-velka-noc"],"_links":{"self":[{"href":"https:\/\/www.e-anjelik.sk\/index.php\/wp-json\/wp\/v2\/posts\/32497","targetHints":{"allow":["GET"]}}],"collection":[{"href":"https:\/\/www.e-anjelik.sk\/index.php\/wp-json\/wp\/v2\/posts"}],"about":[{"href":"https:\/\/www.e-anjelik.sk\/index.php\/wp-json\/wp\/v2\/types\/post"}],"author":[{"embeddable":true,"href":"https:\/\/www.e-anjelik.sk\/index.php\/wp-json\/wp\/v2\/users\/3"}],"replies":[{"embeddable":true,"href":"https:\/\/www.e-anjelik.sk\/index.php\/wp-json\/wp\/v2\/comments?post=32497"}],"version-history":[{"count":1,"href":"https:\/\/www.e-anjelik.sk\/index.php\/wp-json\/wp\/v2\/posts\/32497\/revisions"}],"predecessor-version":[{"id":32498,"href":"https:\/\/www.e-anjelik.sk\/index.php\/wp-json\/wp\/v2\/posts\/32497\/revisions\/32498"}],"wp:attachment":[{"href":"https:\/\/www.e-anjelik.sk\/index.php\/wp-json\/wp\/v2\/media?parent=32497"}],"wp:term":[{"taxonomy":"category","embeddable":true,"href":"https:\/\/www.e-anjelik.sk\/index.php\/wp-json\/wp\/v2\/categories?post=32497"},{"taxonomy":"post_tag","embeddable":true,"href":"https:\/\/www.e-anjelik.sk\/index.php\/wp-json\/wp\/v2\/tags?post=32497"}],"curies":[{"name":"wp","href":"https:\/\/api.w.org\/{rel}","templated":true}]}}