{"id":32500,"date":"2019-04-17T19:43:56","date_gmt":"2019-04-17T17:43:56","guid":{"rendered":"http:\/\/e-anjelik.sk\/?p=32500"},"modified":"2019-04-17T19:44:01","modified_gmt":"2019-04-17T17:44:01","slug":"martin-razus-v-krizi","status":"publish","type":"post","link":"https:\/\/www.e-anjelik.sk\/index.php\/2019\/04\/17\/martin-razus-v-krizi\/","title":{"rendered":"Martin R\u00e1zus &#8211; V kr\u00ed\u017ei"},"content":{"rendered":"\n<p>Dnes trp\u00edm s\nTebou, Pane, <br>\nv z\u00e1hrade v Getsemane, <br>\ntma na du\u0161u sa tla\u010d\u00ed <br>\na slovo viazne v pla\u010di. <br>\nSny moje uleteli <br>\na trpk\u00fdm \u017eivot cel\u00fd, <br>\nsvet miesto l\u00e1skou \u010distou <br>\nma bije nen\u00e1vis\u0165ou&#8230; <br>\nAch, dovo\u013e lieku na hru\u010f <br>\na ved\u013ea Teba k\u013eakn\u00fa\u0165, <br>\nnech zvol\u00e1m tr\u00fachlo, zbo\u017ene, <br>\n\u00f3, Ot\u010de, ak je mo\u017en\u00e9, <br>\nnu\u017e odvr\u00e1\u0165 ve\u013ek\u00fd kalich, <br>\nnesk\u00fa\u0161aj pr\u00edli\u0161 mal\u00fdch! <br>\nV\u0161ak ak chce\u0161 inak, Pane, <br>\nnech v\u00f4\u013ea sa Ti stane!<\/p>\n","protected":false},"excerpt":{"rendered":"<p>Dnes trp\u00edm s Tebou, Pane, v z\u00e1hrade v Getsemane, tma na du\u0161u sa tla\u010d\u00ed a slovo viazne v pla\u010di. Sny moje uleteli a trpk\u00fdm \u017eivot cel\u00fd, svet miesto l\u00e1skou \u010distou ma bije nen\u00e1vis\u0165ou&#8230; Ach, dovo\u013e lieku na hru\u010f a ved\u013ea Teba k\u013eakn\u00fa\u0165, nech zvol\u00e1m tr\u00fachlo, zbo\u017ene, \u00f3, Ot\u010de, ak je mo\u017en\u00e9, nu\u017e odvr\u00e1\u0165 ve\u013ek\u00fd kalich, &#8230; <a title=\"Martin R\u00e1zus &#8211; V kr\u00ed\u017ei\" class=\"read-more\" href=\"https:\/\/www.e-anjelik.sk\/index.php\/2019\/04\/17\/martin-razus-v-krizi\/\" aria-label=\"Pre\u010d\u00edtajte si viac o Martin R\u00e1zus &#8211; V kr\u00ed\u017ei\">\u010c\u00edta\u0165 viac<\/a><\/p>\n","protected":false},"author":3,"featured_media":0,"comment_status":"open","ping_status":"open","sticky":false,"template":"","format":"standard","meta":{"footnotes":""},"categories":[165,53,77],"tags":[],"class_list":["post-32500","post","type-post","status-publish","format-standard","hentry","category-poezia-2","category-post","category-velka-noc"],"_links":{"self":[{"href":"https:\/\/www.e-anjelik.sk\/index.php\/wp-json\/wp\/v2\/posts\/32500","targetHints":{"allow":["GET"]}}],"collection":[{"href":"https:\/\/www.e-anjelik.sk\/index.php\/wp-json\/wp\/v2\/posts"}],"about":[{"href":"https:\/\/www.e-anjelik.sk\/index.php\/wp-json\/wp\/v2\/types\/post"}],"author":[{"embeddable":true,"href":"https:\/\/www.e-anjelik.sk\/index.php\/wp-json\/wp\/v2\/users\/3"}],"replies":[{"embeddable":true,"href":"https:\/\/www.e-anjelik.sk\/index.php\/wp-json\/wp\/v2\/comments?post=32500"}],"version-history":[{"count":1,"href":"https:\/\/www.e-anjelik.sk\/index.php\/wp-json\/wp\/v2\/posts\/32500\/revisions"}],"predecessor-version":[{"id":32501,"href":"https:\/\/www.e-anjelik.sk\/index.php\/wp-json\/wp\/v2\/posts\/32500\/revisions\/32501"}],"wp:attachment":[{"href":"https:\/\/www.e-anjelik.sk\/index.php\/wp-json\/wp\/v2\/media?parent=32500"}],"wp:term":[{"taxonomy":"category","embeddable":true,"href":"https:\/\/www.e-anjelik.sk\/index.php\/wp-json\/wp\/v2\/categories?post=32500"},{"taxonomy":"post_tag","embeddable":true,"href":"https:\/\/www.e-anjelik.sk\/index.php\/wp-json\/wp\/v2\/tags?post=32500"}],"curies":[{"name":"wp","href":"https:\/\/api.w.org\/{rel}","templated":true}]}}