{"id":32506,"date":"2019-04-17T19:51:12","date_gmt":"2019-04-17T17:51:12","guid":{"rendered":"http:\/\/e-anjelik.sk\/?p=32506"},"modified":"2019-04-17T19:51:19","modified_gmt":"2019-04-17T17:51:19","slug":"vincent-blazko-postne-pokanie","status":"publish","type":"post","link":"https:\/\/www.e-anjelik.sk\/index.php\/2019\/04\/17\/vincent-blazko-postne-pokanie\/","title":{"rendered":"Vincent Bla\u017eko &#8211; P\u00f4stne pok\u00e1nie"},"content":{"rendered":"\n<p>Stoj\u00edme vinn\u00ed pod kr\u00ed\u017eom P\u00e1na,<br>mocn\u00e1rstvo zla plaz\u00ed sa tmou.<br>Du\u0161a sa c\u00edti \u013eadovo pr\u00e1zdna,<br>na per\u00e1ch p\u00e1li bozk Jud\u00e1\u0161ov.<\/p>\n\n\n\n<p>Aj pod Tatrami vyr\u00e1stla jed\u013ea,<br>na \u0148u sme Krista pribili!<br>A jas pravdy z golgotsk\u00e9ho \u017eriedla<br>sme pl\u00e1\u0161\u0165om p\u00fdchy prikryli.<\/p>\n\n\n\n<p>V na\u0161ej Getsemane modlil sa P\u00e1n,<br>Petrov pla\u010d tiekol po tv\u00e1ri.<br>Raz \u2013 Ukri\u017euj Ho!, niekdy \u2013 Hosana<br>nieslo sa v na\u0161om chot\u00e1ri.<\/p>\n\n\n\n<p>Sme proste tak\u00ed \u2013 z \u013eudsk\u00e9ho cesta,<br>du\u0161a je chor\u00e1 slabos\u0165ou.<br>Nik nami nehne z tepl\u00e9ho miesta,<br>zlat\u00e9 duk\u00e1ty na\u0161ou \u017eiados\u0165ou.<br> <br> Do nekone\u010dna\nnesmieme v\u00e1ha\u0165,<br>\ndom rozdvojen\u00fd raz padne!<br>\nGolgotsk\u00fd kr\u00ed\u017e do svedomia siaha<br>\nbez neho je srdce chladn\u00e9.<\/p>\n\n\n\n<p>Pre\u017eime s P\u00e1nom milostiv\u00e9 r\u00e1no,<br>po chm\u00farnom Piatku, Ve\u013ek\u00fa Noc!<br>Od kr\u00ed\u017ea po\u010fme pok\u00e1nia br\u00e1nou<br>a P\u00e1n n\u00e1m pod\u00e1 ruku na pomoc.<\/p>\n","protected":false},"excerpt":{"rendered":"<p>Stoj\u00edme vinn\u00ed pod kr\u00ed\u017eom P\u00e1na,mocn\u00e1rstvo zla plaz\u00ed sa tmou.Du\u0161a sa c\u00edti \u013eadovo pr\u00e1zdna,na per\u00e1ch p\u00e1li bozk Jud\u00e1\u0161ov. Aj pod Tatrami vyr\u00e1stla jed\u013ea,na \u0148u sme Krista pribili!A jas pravdy z golgotsk\u00e9ho \u017eriedlasme pl\u00e1\u0161\u0165om p\u00fdchy prikryli. V na\u0161ej Getsemane modlil sa P\u00e1n,Petrov pla\u010d tiekol po tv\u00e1ri.Raz \u2013 Ukri\u017euj Ho!, niekdy \u2013 Hosananieslo sa v na\u0161om chot\u00e1ri. Sme &#8230; <a title=\"Vincent Bla\u017eko &#8211; P\u00f4stne pok\u00e1nie\" class=\"read-more\" href=\"https:\/\/www.e-anjelik.sk\/index.php\/2019\/04\/17\/vincent-blazko-postne-pokanie\/\" aria-label=\"Pre\u010d\u00edtajte si viac o Vincent Bla\u017eko &#8211; P\u00f4stne pok\u00e1nie\">\u010c\u00edta\u0165 viac<\/a><\/p>\n","protected":false},"author":3,"featured_media":0,"comment_status":"open","ping_status":"open","sticky":false,"template":"","format":"standard","meta":{"footnotes":""},"categories":[165,53,77],"tags":[],"class_list":["post-32506","post","type-post","status-publish","format-standard","hentry","category-poezia-2","category-post","category-velka-noc"],"_links":{"self":[{"href":"https:\/\/www.e-anjelik.sk\/index.php\/wp-json\/wp\/v2\/posts\/32506","targetHints":{"allow":["GET"]}}],"collection":[{"href":"https:\/\/www.e-anjelik.sk\/index.php\/wp-json\/wp\/v2\/posts"}],"about":[{"href":"https:\/\/www.e-anjelik.sk\/index.php\/wp-json\/wp\/v2\/types\/post"}],"author":[{"embeddable":true,"href":"https:\/\/www.e-anjelik.sk\/index.php\/wp-json\/wp\/v2\/users\/3"}],"replies":[{"embeddable":true,"href":"https:\/\/www.e-anjelik.sk\/index.php\/wp-json\/wp\/v2\/comments?post=32506"}],"version-history":[{"count":1,"href":"https:\/\/www.e-anjelik.sk\/index.php\/wp-json\/wp\/v2\/posts\/32506\/revisions"}],"predecessor-version":[{"id":32508,"href":"https:\/\/www.e-anjelik.sk\/index.php\/wp-json\/wp\/v2\/posts\/32506\/revisions\/32508"}],"wp:attachment":[{"href":"https:\/\/www.e-anjelik.sk\/index.php\/wp-json\/wp\/v2\/media?parent=32506"}],"wp:term":[{"taxonomy":"category","embeddable":true,"href":"https:\/\/www.e-anjelik.sk\/index.php\/wp-json\/wp\/v2\/categories?post=32506"},{"taxonomy":"post_tag","embeddable":true,"href":"https:\/\/www.e-anjelik.sk\/index.php\/wp-json\/wp\/v2\/tags?post=32506"}],"curies":[{"name":"wp","href":"https:\/\/api.w.org\/{rel}","templated":true}]}}