{"id":32512,"date":"2019-04-17T19:57:53","date_gmt":"2019-04-17T17:57:53","guid":{"rendered":"http:\/\/e-anjelik.sk\/?p=32512"},"modified":"2019-04-18T19:50:36","modified_gmt":"2019-04-18T17:50:36","slug":"martin-razus-kriz-a-kalich-2","status":"publish","type":"post","link":"https:\/\/www.e-anjelik.sk\/index.php\/2019\/04\/17\/martin-razus-kriz-a-kalich-2\/","title":{"rendered":"Martin R\u00e1zus &#8211; Kr\u00ed\u017e a kalich"},"content":{"rendered":"\n<p>Vo ve\u010der b\u00f4\u013eu,<br>ke\u010f t\u00ed\u0161ko sadli k stolu,<br>dvan\u00e1s\u0165 ich bolo &#8211; dvan\u00e1s\u0165,<br>Trin\u00e1sty zdal sa spomedzi nich nar\u00e1s\u0165<br>v o\u010diach so sm\u00fatkom osiral\u00fdch,<br>vzal chlieb a d\u00e1val&#8230;vzal i\u00a0kalich<br>a \u017eehnal:- pite z toho v\u0161etci&#8230;<br>na odpustenie hriechov&#8230;na moju pamiatku&#8230;<br>a za Ve\u013ek\u00e9ho Piatku<br>kr\u00ed\u017e drsn\u00fd vy\u010dnel na Golgote,<br>a na tom kr\u00ed\u017ei telo vzpiate<br>svietilo v temno sveta.<br>Dvan\u00e1sti? M\u00e1rne zrie\u0165 &#8211; i po t\u00fdch veta:<br>utiekli! V kriku z jasna &#8211; \u010dista<br>\u010du\u0165 ostr\u00fd chichot Antikrista,<br>ke\u010f zaznie hlas, a\u017e prekru\u0161no je:<br>-Ot\u010de m\u00f4j, v ruky tvoje<br>por\u00fa\u010dam svojho ducha&#8230;<br>Zem schvie sa &#8211; sl\u00facha,<br>sl\u00facha i dnes a kon\u00e1 dielo<br>to slovo, ktor\u00e9 e\u0161te st\u00e1le nedoznelo.<br>Hluk vtne do\u0148 &#8211; ohe\u0148 b\u00fariaci&#8230;<br>-Hej, u\u010den\u00edci, Slov\u00e1ci,<br>postojte v boji prelichom:<br>nezr\u00e1\u017eajte sa kr\u00ed\u017eom a\u00a0kalichom<br>na rados\u0165 Antikrista!!<\/p>\n","protected":false},"excerpt":{"rendered":"<p>Vo ve\u010der b\u00f4\u013eu,ke\u010f t\u00ed\u0161ko sadli k stolu,dvan\u00e1s\u0165 ich bolo &#8211; dvan\u00e1s\u0165,Trin\u00e1sty zdal sa spomedzi nich nar\u00e1s\u0165v o\u010diach so sm\u00fatkom osiral\u00fdch,vzal chlieb a d\u00e1val&#8230;vzal i\u00a0kalicha \u017eehnal:- pite z toho v\u0161etci&#8230;na odpustenie hriechov&#8230;na moju pamiatku&#8230;a za Ve\u013ek\u00e9ho Piatkukr\u00ed\u017e drsn\u00fd vy\u010dnel na Golgote,a na tom kr\u00ed\u017ei telo vzpiatesvietilo v temno sveta.Dvan\u00e1sti? M\u00e1rne zrie\u0165 &#8211; i po t\u00fdch veta:utiekli! &#8230; <a title=\"Martin R\u00e1zus &#8211; Kr\u00ed\u017e a kalich\" class=\"read-more\" href=\"https:\/\/www.e-anjelik.sk\/index.php\/2019\/04\/17\/martin-razus-kriz-a-kalich-2\/\" aria-label=\"Pre\u010d\u00edtajte si viac o Martin R\u00e1zus &#8211; Kr\u00ed\u017e a kalich\">\u010c\u00edta\u0165 viac<\/a><\/p>\n","protected":false},"author":3,"featured_media":0,"comment_status":"open","ping_status":"open","sticky":false,"template":"","format":"standard","meta":{"footnotes":""},"categories":[165,53,77],"tags":[],"class_list":["post-32512","post","type-post","status-publish","format-standard","hentry","category-poezia-2","category-post","category-velka-noc"],"_links":{"self":[{"href":"https:\/\/www.e-anjelik.sk\/index.php\/wp-json\/wp\/v2\/posts\/32512","targetHints":{"allow":["GET"]}}],"collection":[{"href":"https:\/\/www.e-anjelik.sk\/index.php\/wp-json\/wp\/v2\/posts"}],"about":[{"href":"https:\/\/www.e-anjelik.sk\/index.php\/wp-json\/wp\/v2\/types\/post"}],"author":[{"embeddable":true,"href":"https:\/\/www.e-anjelik.sk\/index.php\/wp-json\/wp\/v2\/users\/3"}],"replies":[{"embeddable":true,"href":"https:\/\/www.e-anjelik.sk\/index.php\/wp-json\/wp\/v2\/comments?post=32512"}],"version-history":[{"count":1,"href":"https:\/\/www.e-anjelik.sk\/index.php\/wp-json\/wp\/v2\/posts\/32512\/revisions"}],"predecessor-version":[{"id":32513,"href":"https:\/\/www.e-anjelik.sk\/index.php\/wp-json\/wp\/v2\/posts\/32512\/revisions\/32513"}],"wp:attachment":[{"href":"https:\/\/www.e-anjelik.sk\/index.php\/wp-json\/wp\/v2\/media?parent=32512"}],"wp:term":[{"taxonomy":"category","embeddable":true,"href":"https:\/\/www.e-anjelik.sk\/index.php\/wp-json\/wp\/v2\/categories?post=32512"},{"taxonomy":"post_tag","embeddable":true,"href":"https:\/\/www.e-anjelik.sk\/index.php\/wp-json\/wp\/v2\/tags?post=32512"}],"curies":[{"name":"wp","href":"https:\/\/api.w.org\/{rel}","templated":true}]}}