{"id":3253,"date":"2010-12-25T17:59:08","date_gmt":"2010-12-25T17:59:08","guid":{"rendered":"http:\/\/e-anjelik.sk\/?p=3253"},"modified":"2010-12-25T17:59:08","modified_gmt":"2010-12-25T17:59:08","slug":"sluzby-bozie-v-rozhlasoch-a-televiziach-na-vianoce-2010","status":"publish","type":"post","link":"https:\/\/www.e-anjelik.sk\/index.php\/2010\/12\/25\/sluzby-bozie-v-rozhlasoch-a-televiziach-na-vianoce-2010\/","title":{"rendered":"Slu\u017eby Bo\u017eie v rozhlasoch a telev\u00edziach na Vianoce 2010"},"content":{"rendered":"<p>Ako u\u017e pravidelne ku v&yacute;ro\u010dit&yacute;m sviatkom pripravili sme preh\u013ead slu\u017eieb Bo\u017e&iacute;ch ,ktor&eacute; bud&uacute; vysiela\u0165 niektor&eacute; rozhlasy a telev&iacute;zie.<\/p>\n<p><strong>24. dec<\/strong>. &Scaron;tedr&yacute; ve\u010der&nbsp; <strong>R&aacute;dio Regina <\/strong>o 17.00 hodine SB z cz Budim&iacute;r;<\/p>\n<p><strong>24. dec<\/strong>. &Scaron;tedr&yacute; ve\u010der <strong>TA3<\/strong> SB o 16.30 hodine z Ve\u013ek&eacute;ho chr&aacute;mu v Bratislave;<\/p>\n<p><strong>24. dec<\/strong>. &Scaron;tedr&yacute; ve\u010der <strong>ARD<\/strong> o 15.30 hod. SB z Berl&iacute;na;<\/p>\n<p><strong>24.dec<\/strong>. &Scaron;tedr&yacute; ve\u010der <strong>ZDF<\/strong> o 22.30 hod. SB z Waldeck-Netze,Hessensko;<\/p>\n<p><strong>24.dec<\/strong>. &Scaron;tedr&yacute; ve\u010der <strong>ORF2<\/strong> o 19.00 hod. SB z Mittersill;<\/p>\n<p>&#8212;&#8212;&#8212;&#8212;&#8212;&#8212;&#8212;&#8212;&#8212;&#8212;&#8212;&#8212;&#8212;&#8212;&#8212;&#8212;&#8212;&#8212;&#8212;&#8212;&#8212;&#8212;&#8212;&#8212;&#8212;&#8212;&#8212;&#8212;&#8212;&#8212;&#8212;&#8212;&#8212;&#8212;&#8212;&#8212;&#8212;&#8212;&#8212;&#8212;&#8212;&#8212;&#8212;&#8212;&#8212;-<\/p>\n<p><strong>25.dec<\/strong>. 1. sviatok viano\u010dn&yacute; <strong>STV 2<\/strong> o 9.00 hod. SB z Pre&scaron;ova;<\/p>\n<p>&nbsp;<strong>25.dec.<\/strong> 1.sviatok viano\u010dn&yacute; <strong>Ma\u010farsk&aacute; TV1 <\/strong>o 11.00 hod. SB z Ikladu;<\/p>\n<p><strong>25.dec.<\/strong> 1.sviatok viano\u010dn&yacute; <strong>Bavorsk&aacute; BSF <\/strong>o 10.00 hod. SB;<\/p>\n<p><strong>25. dec<\/strong>. 1.sviatok viano\u010dn&yacute; <strong>\u010cesk&aacute; TV2 <\/strong>o 10.00 hod. evanj. metodistick&eacute; SB z Prahy;<\/p>\n<p>&#8212;&#8212;&#8212;&#8212;&#8212;&#8212;&#8212;&#8212;&#8212;&#8212;&#8212;&#8212;&#8212;&#8212;&#8212;&#8212;&#8212;&#8212;&#8212;&#8212;&#8212;&#8212;&#8212;&#8212;&#8212;&#8212;&#8212;&#8212;&#8212;&#8212;&#8212;&#8212;&#8212;&#8212;&#8212;&#8212;&#8212;&#8212;&#8212;&#8212;&#8212;&#8212;&#8212;&#8212;-<\/p>\n<p><strong>26. dec<\/strong>. 2.sviatok viano\u010dn&yacute; <strong>R&aacute;dio Slovensko <\/strong>o 9.30 hod. z cz Ve\u013ek&yacute; Krt&iacute;&scaron;;<\/p>\n<p><strong>26.dec<\/strong>. 2.sviatok viano\u010dn&yacute; <strong>Ma\u010farsk&eacute; r&aacute;dio1 <\/strong>o 10.04 hod. SB z Cinkoty;<\/p>\n<p><strong>26. dec<\/strong>. 2.sviatok viano\u010dn&yacute; <strong>ZDF<\/strong> o 10.00 hod. SB z Westerhofen;<\/p>\n<p>Prajeme po\u017eehnan&eacute; sviatky Bo\u017eieho narodenia aj s rozhlasom a telev&iacute;ziou,i cez internet,&nbsp;najm&auml; star&yacute;m, chor&yacute;m a nevl&aacute;dnym sestr&aacute;m a bratom i t&yacute;m , ktor&iacute; \u017eij&uacute; v diaspore, v cudzine alebo bud&uacute; sa nach&aacute;dza\u0165 na dovolenk&aacute;ch pri mori \u010di v hor&aacute;ch.<\/p>\n<p><em><strong>&quot;Zjavila sa spasite\u013en&aacute; Bo\u017eia milos\u0165 v&scaron;etk&yacute;m \u013eu\u010fom.&quot; Titovi 2,11.<\/strong><\/em><\/p>\n<p>&nbsp;&nbsp;&nbsp;&nbsp;&nbsp;&nbsp;&nbsp;&nbsp;&nbsp;&nbsp;&nbsp;&nbsp;&nbsp;&nbsp;&nbsp;&nbsp;&nbsp;&nbsp;&nbsp;&nbsp;&nbsp;&nbsp;&nbsp;&nbsp;&nbsp;&nbsp;&nbsp;&nbsp;&nbsp;&nbsp;&nbsp;&nbsp;&nbsp;&nbsp;&nbsp;&nbsp;&nbsp;&nbsp;&nbsp;&nbsp;&nbsp;&nbsp;&nbsp; &nbsp;&nbsp;&nbsp;&nbsp;&nbsp;<\/p>\n<p>&nbsp;<\/p>\n","protected":false},"excerpt":{"rendered":"<p>Ako u\u017e pravidelne ku v&yacute;ro\u010dit&yacute;m sviatkom pripravili sme preh\u013ead slu\u017eieb Bo\u017e&iacute;ch ,ktor&eacute; bud&uacute; vysiela\u0165 niektor&eacute; rozhlasy a telev&iacute;zie. 24. dec. &Scaron;tedr&yacute; ve\u010der&nbsp; R&aacute;dio Regina o 17.00 hodine SB z cz Budim&iacute;r; 24. dec. &Scaron;tedr&yacute; ve\u010der TA3 SB o 16.30 hodine z Ve\u013ek&eacute;ho chr&aacute;mu v Bratislave; 24. dec. &Scaron;tedr&yacute; ve\u010der ARD o 15.30 hod. SB z &#8230; <a title=\"Slu\u017eby Bo\u017eie v rozhlasoch a telev\u00edziach na Vianoce 2010\" class=\"read-more\" href=\"https:\/\/www.e-anjelik.sk\/index.php\/2010\/12\/25\/sluzby-bozie-v-rozhlasoch-a-televiziach-na-vianoce-2010\/\" aria-label=\"Pre\u010d\u00edtajte si viac o Slu\u017eby Bo\u017eie v rozhlasoch a telev\u00edziach na Vianoce 2010\">\u010c\u00edta\u0165 viac<\/a><\/p>\n","protected":false},"author":22,"featured_media":0,"comment_status":"open","ping_status":"open","sticky":false,"template":"","format":"standard","meta":{"footnotes":""},"categories":[159],"tags":[249],"class_list":["post-3253","post","type-post","status-publish","format-standard","hentry","category-vianoce","tag-bohosluzby"],"_links":{"self":[{"href":"https:\/\/www.e-anjelik.sk\/index.php\/wp-json\/wp\/v2\/posts\/3253","targetHints":{"allow":["GET"]}}],"collection":[{"href":"https:\/\/www.e-anjelik.sk\/index.php\/wp-json\/wp\/v2\/posts"}],"about":[{"href":"https:\/\/www.e-anjelik.sk\/index.php\/wp-json\/wp\/v2\/types\/post"}],"author":[{"embeddable":true,"href":"https:\/\/www.e-anjelik.sk\/index.php\/wp-json\/wp\/v2\/users\/22"}],"replies":[{"embeddable":true,"href":"https:\/\/www.e-anjelik.sk\/index.php\/wp-json\/wp\/v2\/comments?post=3253"}],"version-history":[{"count":0,"href":"https:\/\/www.e-anjelik.sk\/index.php\/wp-json\/wp\/v2\/posts\/3253\/revisions"}],"wp:attachment":[{"href":"https:\/\/www.e-anjelik.sk\/index.php\/wp-json\/wp\/v2\/media?parent=3253"}],"wp:term":[{"taxonomy":"category","embeddable":true,"href":"https:\/\/www.e-anjelik.sk\/index.php\/wp-json\/wp\/v2\/categories?post=3253"},{"taxonomy":"post_tag","embeddable":true,"href":"https:\/\/www.e-anjelik.sk\/index.php\/wp-json\/wp\/v2\/tags?post=3253"}],"curies":[{"name":"wp","href":"https:\/\/api.w.org\/{rel}","templated":true}]}}