{"id":3254,"date":"2010-12-13T10:06:17","date_gmt":"2010-12-13T10:06:17","guid":{"rendered":"http:\/\/e-anjelik.sk\/?p=3254"},"modified":"2010-12-13T10:06:17","modified_gmt":"2010-12-13T10:06:17","slug":"advent-a-vianoce-v-cirkevnom-zbore-svaty-jur","status":"publish","type":"post","link":"https:\/\/www.e-anjelik.sk\/index.php\/2010\/12\/13\/advent-a-vianoce-v-cirkevnom-zbore-svaty-jur\/","title":{"rendered":"Advent a Vianoce v cirkevnom zbore Sv\u00e4t\u00fd Jur"},"content":{"rendered":"<p>V tretiu adventn&uacute; nede\u013eu 12. dec. 2010 &nbsp;po slu\u017eb&aacute;ch Bo\u017e&iacute;ch v priestoroch Agap&eacute; sa konal tradi\u010dn&yacute; <strong>adventn&yacute; baz&aacute;r<\/strong>. Bol o\u0148 ve\u013ek&yacute; z&aacute;ujem tak zo strany darcov v&yacute;robkov, ako aj zo strany kupuj&uacute;cich. <strong>V&yacute;\u0165a\u017eok je 361.0<\/strong>0 &euro; a p&ocirc;jde ako finan\u010dn&aacute; podpora pre niektor&yacute; <strong>cirkevn&yacute; zbor&nbsp;v Gemeri<\/strong>. Srde\u010dn&aacute; v\u010faka v&scaron;etk&yacute;m obetavcom.<\/p>\n<p>Vo <strong>4. adventn&uacute; nede\u013eu <\/strong>19. dec.&nbsp;t.r. na&nbsp; hlavn&yacute;ch sl. Bo\u017e&iacute;ch <strong>o 9.30 <\/strong>hodine posl&uacute;\u017ei zves\u0165ou Bo\u017eieho slova emeritn&yacute; gen. biskup a b&yacute;val&yacute; zborov&yacute; far&aacute;r vo Sv. Jure <strong>prof.ThDr. J&uacute;lius Filo<\/strong>, ktor&yacute; sa z Bo\u017eej milosti do\u017e&iacute;va v t&yacute;chto d\u0148och svojho okr&uacute;hl&eacute;ho \u017eivotn&eacute;ho jubilea &#8211; <strong>60 rokov.<\/strong> Pri tejto pr&iacute;le\u017eitosti ho chce pozdravi\u0165 i n&aacute;&scaron; cirkevn&yacute; zbor.Ad multos annos!<\/p>\n<p>Poz&yacute;vame V&aacute;s na slu\u017eby Bo\u017eie po\u010das Vianoc 2010 do n&aacute;&scaron;ho chr&aacute;mu takto:<\/p>\n<p><strong>24.dec. &Scaron;tedr&yacute; ve\u010der o 16.00 hod<\/strong>.SB s detsk&yacute;m&nbsp; programom a n&aacute;dielkou pre&nbsp; deti\u010dky;<\/p>\n<p><strong>25. dec. 1.sviatok viano\u010dn&yacute; &#8211; sl&aacute;vnostn&eacute; slu\u017eby Bo\u017eie o 9.30 hodine;<\/strong><\/p>\n<p>&nbsp;&nbsp;&nbsp;&nbsp;&nbsp;&nbsp;&nbsp;&nbsp;&nbsp;&nbsp;&nbsp;&nbsp;&nbsp;&nbsp;&nbsp;&nbsp;&nbsp;&nbsp;&nbsp;&nbsp;&nbsp;&nbsp;&nbsp;&nbsp;&nbsp;&nbsp;&nbsp;&nbsp;&nbsp;&nbsp;&nbsp;&nbsp;&nbsp;&nbsp;&nbsp;&nbsp;&nbsp;&nbsp;&nbsp;&nbsp;&nbsp;&nbsp;&nbsp;&nbsp;&nbsp;&nbsp;&nbsp;&nbsp; <strong>ne&scaron;pory o 15.00 hodine<\/strong>;<\/p>\n<p><strong>26.dec. 2.sviatok viano\u010dn&yacute;<\/strong>: <strong>o 9.30 hod<\/strong>. slu\u017eby Bo\u017eie s Ve\u010derou P&aacute;novou, po nich n&aacute;m zahr&aacute; koledy a viano\u010dn&eacute; piesne sv&auml;tojursk&aacute; dychovka.<\/p>\n<p>&quot;<strong>Preto odlo\u017ete v&scaron;etku ne\u010distotu a mno\u017estvo zloby, a v tichosti prij&iacute;majte zasiate slovo, ktor&eacute; m&aacute; moc spasi\u0165 va&scaron;e du&scaron;e.&quot; Jak 1,21<\/strong><\/p>\n<p>&nbsp;<\/p>\n","protected":false},"excerpt":{"rendered":"<p>V tretiu adventn&uacute; nede\u013eu 12. dec. 2010 &nbsp;po slu\u017eb&aacute;ch Bo\u017e&iacute;ch v priestoroch Agap&eacute; sa konal tradi\u010dn&yacute; adventn&yacute; baz&aacute;r. Bol o\u0148 ve\u013ek&yacute; z&aacute;ujem tak zo strany darcov v&yacute;robkov, ako aj zo strany kupuj&uacute;cich. V&yacute;\u0165a\u017eok je 361.00 &euro; a p&ocirc;jde ako finan\u010dn&aacute; podpora pre niektor&yacute; cirkevn&yacute; zbor&nbsp;v Gemeri. Srde\u010dn&aacute; v\u010faka v&scaron;etk&yacute;m obetavcom. Vo 4. adventn&uacute; nede\u013eu 19. &#8230; <a title=\"Advent a Vianoce v cirkevnom zbore Sv\u00e4t\u00fd Jur\" class=\"read-more\" href=\"https:\/\/www.e-anjelik.sk\/index.php\/2010\/12\/13\/advent-a-vianoce-v-cirkevnom-zbore-svaty-jur\/\" aria-label=\"Pre\u010d\u00edtajte si viac o Advent a Vianoce v cirkevnom zbore Sv\u00e4t\u00fd Jur\">\u010c\u00edta\u0165 viac<\/a><\/p>\n","protected":false},"author":22,"featured_media":0,"comment_status":"open","ping_status":"open","sticky":false,"template":"","format":"standard","meta":{"footnotes":""},"categories":[179,246,159],"tags":[249,221],"class_list":["post-3254","post","type-post","status-publish","format-standard","hentry","category-advent","category-svaty-jur","category-vianoce","tag-bohosluzby","tag-diakonia"],"_links":{"self":[{"href":"https:\/\/www.e-anjelik.sk\/index.php\/wp-json\/wp\/v2\/posts\/3254","targetHints":{"allow":["GET"]}}],"collection":[{"href":"https:\/\/www.e-anjelik.sk\/index.php\/wp-json\/wp\/v2\/posts"}],"about":[{"href":"https:\/\/www.e-anjelik.sk\/index.php\/wp-json\/wp\/v2\/types\/post"}],"author":[{"embeddable":true,"href":"https:\/\/www.e-anjelik.sk\/index.php\/wp-json\/wp\/v2\/users\/22"}],"replies":[{"embeddable":true,"href":"https:\/\/www.e-anjelik.sk\/index.php\/wp-json\/wp\/v2\/comments?post=3254"}],"version-history":[{"count":0,"href":"https:\/\/www.e-anjelik.sk\/index.php\/wp-json\/wp\/v2\/posts\/3254\/revisions"}],"wp:attachment":[{"href":"https:\/\/www.e-anjelik.sk\/index.php\/wp-json\/wp\/v2\/media?parent=3254"}],"wp:term":[{"taxonomy":"category","embeddable":true,"href":"https:\/\/www.e-anjelik.sk\/index.php\/wp-json\/wp\/v2\/categories?post=3254"},{"taxonomy":"post_tag","embeddable":true,"href":"https:\/\/www.e-anjelik.sk\/index.php\/wp-json\/wp\/v2\/tags?post=3254"}],"curies":[{"name":"wp","href":"https:\/\/api.w.org\/{rel}","templated":true}]}}