{"id":32552,"date":"2019-04-20T16:12:23","date_gmt":"2019-04-20T14:12:23","guid":{"rendered":"http:\/\/e-anjelik.sk\/?p=32552"},"modified":"2019-04-20T16:12:30","modified_gmt":"2019-04-20T14:12:30","slug":"andrej-hajduk-velkonocna","status":"publish","type":"post","link":"https:\/\/www.e-anjelik.sk\/index.php\/2019\/04\/20\/andrej-hajduk-velkonocna\/","title":{"rendered":"Andrej Hajduk &#8211; Ve\u013ekono\u010dn\u00e1"},"content":{"rendered":"\n<p>Te\u0161 sa srdce, zaplesaj, <br>i ke\u010f Bo\u017e\u00ed Syn bol v hrobe, <br> v tret\u00ed de\u0148 vstal, pam\u00e4taj! \u2013 <br> u\u017e je koniec smrti, zlobe.<br> Je\u017ei\u0161 \u017eije, z hrobu vstal, <br> Vzkriesen\u00e9ho P\u00e1na sl\u00e1v!<\/p>\n\n\n\n<p>\u017divotu dal\nistotu, <br>\ni ke\u010f smr\u0165 n\u00e1s raz zachv\u00e1ti,<br>\nku ve\u010dn\u00e9mu \u017eivotu <br>\nd\u00fafaj\u00facich prinavr\u00e1ti,<br>\nnad N\u00edm, nad veriacimi <br>\nve\u010dn\u00e1 smr\u0165 nem\u00e1 sily.<\/p>\n\n\n\n<p>Srdce moje\nomladni <br>\njak zelen\u00fd p\u00fa\u010dik v jari,<br>\nrados\u0165 nech po tieto dni <br>\n\u017eije v ka\u017edej \u013eudskej tv\u00e1ri;<br>\n\u010do je kraj\u0161ie na zemi, <br>\nne\u017e spieva\u0165 o vzkriesen\u00ed?<\/p>\n\n\n\n<p>Radujme sa,\nspievajme <br>\nHaleluja! \u2013 Tebe, Bo\u017ee.<br>\nT\u00fa vieru zachovajme, <br>\n\u017ee Jeho Syn v\u0161etko zm\u00f4\u017ee.<br>\nKto pevne ver\u00ed v Neho, <br>\nuzrie Ho vzkriesen\u00e9ho.<\/p>\n","protected":false},"excerpt":{"rendered":"<p>Te\u0161 sa srdce, zaplesaj, i ke\u010f Bo\u017e\u00ed Syn bol v hrobe, v tret\u00ed de\u0148 vstal, pam\u00e4taj! \u2013 u\u017e je koniec smrti, zlobe. Je\u017ei\u0161 \u017eije, z hrobu vstal, Vzkriesen\u00e9ho P\u00e1na sl\u00e1v! \u017divotu dal istotu, i ke\u010f smr\u0165 n\u00e1s raz zachv\u00e1ti, ku ve\u010dn\u00e9mu \u017eivotu d\u00fafaj\u00facich prinavr\u00e1ti, nad N\u00edm, nad veriacimi ve\u010dn\u00e1 smr\u0165 nem\u00e1 sily. Srdce moje omladni &#8230; <a title=\"Andrej Hajduk &#8211; Ve\u013ekono\u010dn\u00e1\" class=\"read-more\" href=\"https:\/\/www.e-anjelik.sk\/index.php\/2019\/04\/20\/andrej-hajduk-velkonocna\/\" aria-label=\"Pre\u010d\u00edtajte si viac o Andrej Hajduk &#8211; Ve\u013ekono\u010dn\u00e1\">\u010c\u00edta\u0165 viac<\/a><\/p>\n","protected":false},"author":3,"featured_media":0,"comment_status":"open","ping_status":"open","sticky":false,"template":"","format":"standard","meta":{"footnotes":""},"categories":[77],"tags":[],"class_list":["post-32552","post","type-post","status-publish","format-standard","hentry","category-velka-noc"],"_links":{"self":[{"href":"https:\/\/www.e-anjelik.sk\/index.php\/wp-json\/wp\/v2\/posts\/32552","targetHints":{"allow":["GET"]}}],"collection":[{"href":"https:\/\/www.e-anjelik.sk\/index.php\/wp-json\/wp\/v2\/posts"}],"about":[{"href":"https:\/\/www.e-anjelik.sk\/index.php\/wp-json\/wp\/v2\/types\/post"}],"author":[{"embeddable":true,"href":"https:\/\/www.e-anjelik.sk\/index.php\/wp-json\/wp\/v2\/users\/3"}],"replies":[{"embeddable":true,"href":"https:\/\/www.e-anjelik.sk\/index.php\/wp-json\/wp\/v2\/comments?post=32552"}],"version-history":[{"count":1,"href":"https:\/\/www.e-anjelik.sk\/index.php\/wp-json\/wp\/v2\/posts\/32552\/revisions"}],"predecessor-version":[{"id":32553,"href":"https:\/\/www.e-anjelik.sk\/index.php\/wp-json\/wp\/v2\/posts\/32552\/revisions\/32553"}],"wp:attachment":[{"href":"https:\/\/www.e-anjelik.sk\/index.php\/wp-json\/wp\/v2\/media?parent=32552"}],"wp:term":[{"taxonomy":"category","embeddable":true,"href":"https:\/\/www.e-anjelik.sk\/index.php\/wp-json\/wp\/v2\/categories?post=32552"},{"taxonomy":"post_tag","embeddable":true,"href":"https:\/\/www.e-anjelik.sk\/index.php\/wp-json\/wp\/v2\/tags?post=32552"}],"curies":[{"name":"wp","href":"https:\/\/api.w.org\/{rel}","templated":true}]}}