{"id":32557,"date":"2019-04-21T07:13:23","date_gmt":"2019-04-21T05:13:23","guid":{"rendered":"http:\/\/e-anjelik.sk\/?p=32557"},"modified":"2019-04-21T08:02:54","modified_gmt":"2019-04-21T06:02:54","slug":"vincent-blazko-na-treti-den","status":"publish","type":"post","link":"https:\/\/www.e-anjelik.sk\/index.php\/2019\/04\/21\/vincent-blazko-na-treti-den\/","title":{"rendered":"Vincent Bla\u017eko &#8211; Na tret\u00ed de\u0148"},"content":{"rendered":"\n<p>Kamenn\u00e1 pe\u010da\u0165 na hrobe<br>\ni s vojskom otvor str\u00e1\u017ei.<br>\nE\u0161te sp\u00ed \u013eudstvo v porobe,<br>\nskryt\u00e1 moc v zradnej pa\u017ei.<\/p>\n\n\n\n<p>Dva dni ten chladn\u00fd kame\u0148 spal,<br>\ndve noci str\u00e1\u017eil telo.<br>\nZ kr\u00ed\u017ea Ho s pietou Jozef s\u0148al,<br>\ntam za n\u00e1s b\u00f4\u013ene pnelo.<\/p>\n\n\n\n<p>V tret\u00ed de\u0148 pe\u010da\u0165 kamenn\u00fa<br>\nBo\u017eia moc strhla z hrobu.<br>\nM\u00e1riu pla\u010dom zronen\u00fa<br>\nstretol P\u00e1n v rann\u00fa dobu.<\/p>\n\n\n\n<p>Bar\u00e1nok sl\u00e1vne z hrobu vstal!<br>\nPokoj v\u00e1m! \u2013 zneje svetom.<br>\n\u017divotu poctu kr\u00ed\u017eom vzdal,<br>\nv\u00ed\u0165azstvo na\u0161ou m\u00e9tou.<\/p>\n\n\n\n<p>Kde je smr\u0165 had\u00ed oste\u0148 tvoj?<br> M\u00e1 pevn\u00fd z\u00e1klad viera!<br> K nebesiam cieli \u017eitia boj,<br> kto ver\u00ed \u2013 neumiera! <\/p>\n\n\n\n<p>Tajomstvo smrti u Boha,<br> kr\u00ed\u017e v \u017eivot pretaven\u00fd!<br> Nad nami jasn\u00e1 obloha<br> a v nebi veniec sl\u00e1vy. <\/p>\n","protected":false},"excerpt":{"rendered":"<p>Kamenn\u00e1 pe\u010da\u0165 na hrobe i s vojskom otvor str\u00e1\u017ei. E\u0161te sp\u00ed \u013eudstvo v porobe, skryt\u00e1 moc v zradnej pa\u017ei. Dva dni ten chladn\u00fd kame\u0148 spal, dve noci str\u00e1\u017eil telo. Z kr\u00ed\u017ea Ho s pietou Jozef s\u0148al, tam za n\u00e1s b\u00f4\u013ene pnelo. V tret\u00ed de\u0148 pe\u010da\u0165 kamenn\u00fa Bo\u017eia moc strhla z hrobu. M\u00e1riu pla\u010dom zronen\u00fa stretol &#8230; <a title=\"Vincent Bla\u017eko &#8211; Na tret\u00ed de\u0148\" class=\"read-more\" href=\"https:\/\/www.e-anjelik.sk\/index.php\/2019\/04\/21\/vincent-blazko-na-treti-den\/\" aria-label=\"Pre\u010d\u00edtajte si viac o Vincent Bla\u017eko &#8211; Na tret\u00ed de\u0148\">\u010c\u00edta\u0165 viac<\/a><\/p>\n","protected":false},"author":3,"featured_media":0,"comment_status":"open","ping_status":"open","sticky":false,"template":"","format":"standard","meta":{"footnotes":""},"categories":[77],"tags":[],"class_list":["post-32557","post","type-post","status-publish","format-standard","hentry","category-velka-noc"],"_links":{"self":[{"href":"https:\/\/www.e-anjelik.sk\/index.php\/wp-json\/wp\/v2\/posts\/32557","targetHints":{"allow":["GET"]}}],"collection":[{"href":"https:\/\/www.e-anjelik.sk\/index.php\/wp-json\/wp\/v2\/posts"}],"about":[{"href":"https:\/\/www.e-anjelik.sk\/index.php\/wp-json\/wp\/v2\/types\/post"}],"author":[{"embeddable":true,"href":"https:\/\/www.e-anjelik.sk\/index.php\/wp-json\/wp\/v2\/users\/3"}],"replies":[{"embeddable":true,"href":"https:\/\/www.e-anjelik.sk\/index.php\/wp-json\/wp\/v2\/comments?post=32557"}],"version-history":[{"count":2,"href":"https:\/\/www.e-anjelik.sk\/index.php\/wp-json\/wp\/v2\/posts\/32557\/revisions"}],"predecessor-version":[{"id":32561,"href":"https:\/\/www.e-anjelik.sk\/index.php\/wp-json\/wp\/v2\/posts\/32557\/revisions\/32561"}],"wp:attachment":[{"href":"https:\/\/www.e-anjelik.sk\/index.php\/wp-json\/wp\/v2\/media?parent=32557"}],"wp:term":[{"taxonomy":"category","embeddable":true,"href":"https:\/\/www.e-anjelik.sk\/index.php\/wp-json\/wp\/v2\/categories?post=32557"},{"taxonomy":"post_tag","embeddable":true,"href":"https:\/\/www.e-anjelik.sk\/index.php\/wp-json\/wp\/v2\/tags?post=32557"}],"curies":[{"name":"wp","href":"https:\/\/api.w.org\/{rel}","templated":true}]}}