{"id":32562,"date":"2019-04-24T18:45:36","date_gmt":"2019-04-24T16:45:36","guid":{"rendered":"http:\/\/e-anjelik.sk\/?p=32562"},"modified":"2019-04-25T08:45:39","modified_gmt":"2019-04-25T06:45:39","slug":"pastiersky-list-zboru-biskupov-velka-noc-2019","status":"publish","type":"post","link":"https:\/\/www.e-anjelik.sk\/index.php\/2019\/04\/24\/pastiersky-list-zboru-biskupov-velka-noc-2019\/","title":{"rendered":"Pastiersky list Zboru biskupov &#8211; Ve\u013ek\u00e1 Noc 2019"},"content":{"rendered":"\n<h4 class=\"wp-block-heading\"><strong><em>Pastiersky list Zboru biskupov ECAV na Slovensku, prv\u00e1 sl\u00e1vnos\u0165 ve\u013ekono\u010dn\u00e1 2019<\/em><\/strong><\/h4>\n\n\n\n<p>Mil\u00ed bratia a&nbsp;sestry! Sl\u00e1vime Ve\u013ekono\u010dn\u00e9 sviatky. Oslavova\u0165 nejak\u00fa udalos\u0165 znamen\u00e1 nanovo si spr\u00edtomni\u0165 skuto\u010dnos\u0165, ktor\u00e1 sa stala, vyzdvihn\u00fa\u0165 jej d\u00f4le\u017eitos\u0165, aktualizova\u0165 jej posolstvo vo&nbsp;svojom \u017eivote. \u010c\u00edtanie pa\u0161i\u00ed n\u00e1s pren\u00e1\u0161a cez horizont \u010dasu, aby sme sa stali \u00fa\u010dastn\u00edkmi Je\u017ei\u0161ovho pa\u0161iov\u00e9ho pr\u00edbehu.<\/p>\n\n\n\n<p>Aj ve\u013ekono\u010dn\u00e9 jedl\u00e1 symbolicky vyjadruj\u00fa, \u017ee obe\u0165 Je\u017ei\u0161a Krista \u2013 Bar\u00e1nka Bo\u017eieho, je dielom zmierenia s&nbsp;Bohom aj pre n\u00e1s. Ve\u013ekono\u010dn\u00e9 posolstvo n\u00e1m nanovo pripom\u00edna zves\u0165 \u201evskutku vstal P\u00e1n\u201c(L 24,34) a&nbsp;vol\u00e1 n\u00e1s nanovo vyzna\u0165 \u201eP\u00e1n m\u00f4j a&nbsp;Boh m\u00f4j\u201c(J 20,28). V&nbsp;sl\u00e1ven\u00ed Ve\u013ekono\u010dn\u00fdch sviatkov si kladieme ot\u00e1zku: \u010co znamen\u00e1 aktualizova\u0165 skuto\u010dnos\u0165, \u017ee vzkriesen\u00fd Je\u017ei\u0161 \u017eije v&nbsp;na\u0161ich \u017eivotoch?&nbsp;<br \/>Je\u017ei\u0161ov pa\u0161iov\u00fd pr\u00edbeh hovor\u00ed, \u017ee \u010dlovek sa m\u00f4\u017ee pova\u017eova\u0165 za Je\u017ei\u0161ovho u\u010den\u00edka, patri\u0165 do spolo\u010denstva Jeho nasledovn\u00edkov, a&nbsp;predsa nemus\u00ed rozumie\u0165 dielu Kristovmu a&nbsp;svojmu poslaniu v&nbsp;\u0148om. M\u00f4\u017ee egoisticky s&nbsp;matkou bratov Zebedeov\u00fdch t\u00fa\u017ei\u0165 po dobrom postaven\u00ed v&nbsp;spolo\u010denstve zab\u00fadaj\u00fac, \u017ee poslan\u00edm kres\u0165ana je slu\u017eba a&nbsp;jeho ve\u013ekos\u0165 sa meria ve\u013ekos\u0165ou jeho slu\u017eby (Mt 20,20-21). Podobne aj my, \u010dasto m\u00e1me pln\u00e9 \u00fasta slu\u017eby, ale bez ur\u010dit\u00e9ho postavenia v&nbsp;cirkvi sa n\u00e1m sl\u00fa\u017ei\u0165 nechce.&nbsp;<br \/>V&nbsp;zmysle Petrov\u00fdch slov \u201eAk sa v\u0161etci pohor\u0161ia na Tebe, ja sa nikdy nepohor\u0161\u00edm\u201c(Mt 26,33) dok\u00e1\u017ee aj dne\u0161n\u00fd \u010dlovek py\u0161ne veriacich kastova\u0165 na prvotriednych a&nbsp;druhotriednych kres\u0165anov. Nech\u00e1pe, \u017ee poslan\u00edm veriaceho nie je kastovanie a&nbsp;s\u00fad nad spolubratmi, ale ich utvrdzovanie vo viere (L 22,32). M\u00f4\u017ee ako Peter pravoverne vyzn\u00e1va\u0165 \u201eTy si Kristus, Syn Boha \u017eiv\u00e9ho.\u201c(Mt 16,16), ale cesta obete je mu \u010falek\u00e1, \u201elebo nemysl\u00ed na veci Bo\u017eie ale \u013eudsk\u00e9\u201c(Mt 16,22-23). Nech\u00e1pe, \u017ee Krista a&nbsp;Jeho pravdu nemo\u017eno ubr\u00e1ni\u0165 me\u010dom zra\u0148uj\u00fac in\u00fdch, lebo je to cesta z\u00e1huby a&nbsp;popretia Jeho poslania (J 18,10-11).&nbsp;<br \/>Aj my sa dok\u00e1\u017eeme hra\u0165 na pravovern\u00fdch luter\u00e1nov a&nbsp;niektor\u00fdch spoluveriacich pova\u017eova\u0165 za druhotriednych evanjelikov. M\u00e1me \u00fasta pln\u00e9 vyznania, ako je n\u00e1m d\u00f4le\u017eit\u00fd Kristus, Augsburgsk\u00e9 vyznanie, na\u0161i evanjelick\u00ed svedkovia viery v minulosti, len \u00eds\u0165 cestou pokory a&nbsp;obete sa n\u00e1m nechce, lebo zab\u00fadame myslie\u0165 na veci Bo\u017eie. Zra\u0148ujeme sa me\u010dom ohov\u00e1rania tvrdiac, \u017ee \u201enezamet\u00e1me pravdu pod koberec\u201c, a&nbsp;pritom v\u00edren\u00edm prachu sami sa dus\u00edme v&nbsp;\u0161pine a&nbsp;popierame poslanie dan\u00e9 n\u00e1m Kristom.&nbsp;<br \/>\u010clovek dok\u00e1\u017ee prepadn\u00fa\u0165 skepse a&nbsp;pochybnostiam ako&nbsp;Tom\u00e1\u0161, op\u00fa\u0161\u0165a spolo\u010denstvo veriacich a rozumom chce obsiahnu\u0165 Bo\u017eie transcendentn\u00e9 konanie, alebo ako Emauzsk\u00ed u\u010den\u00edci &#8211; nerozumie P\u00edsmu, a&nbsp;ide si svojou cestou. (J 20,24-31, L24, 13-15). Niektor\u00ed \u010dlenovia nepraktizuj\u00fa svoju vieru, op\u00fa\u0161\u0165aj\u00fa zhroma\u017edenie cirkvi, lebo nerozumej\u00fa P\u00edsmu a&nbsp;nerozumej\u00fa ani poslaniu cirkvi. In\u00ed namiesto autentick\u00e9ho kres\u0165anstva pestuj\u00fa sk\u00f4r \u201ekult\u00farprotestantizmus\u201c, lebo ich oslovuje evanjelick\u00e1 n\u00e1rodn\u00e1 a kult\u00farna minulos\u0165, ale hrd\u00ed na svoj intelekt spochyb\u0148uj\u00fa v\u0161etko nadprirodzen\u00e9, \u010do je obsahom kres\u0165anskej viery.&nbsp;<br \/>Av\u0161ak ve\u013ekono\u010dn\u00e9 posolstvo hovor\u00ed, \u017ee v\u0161etka t\u00e1to \u013eudsk\u00e1 bieda sa m\u00f4\u017ee meni\u0165, ak do nej vst\u00fapi vzkriesen\u00fd Kristus. On vniesol do s\u0155dc ustr\u00e1chan\u00fdch u\u010den\u00edkov pokoj. Z&nbsp;bojkov, skeptikov a&nbsp;pochybova\u010dov sa stali svedkovia a&nbsp;vyzn\u00e1va\u010di Vzkriesen\u00e9ho. Nejasn\u00e1 bud\u00facnos\u0165 mal\u00e9ho spolo\u010denstva nasledovn\u00edkov sa zmenila na rast\u00face spolo\u010denstvo kres\u0165anskej cirkvi. Aktualizova\u0165 odkaz Ve\u013ekej noci pre n\u00e1s dnes, znamen\u00e1 predov\u0161etk\u00fdm bra\u0165 zves\u0165 o&nbsp;Vzkriesenom v\u00e1\u017ene. Ak Ho vn\u00edmame ako \u017eiv\u00e9ho, potom budeme \u010d\u00edta\u0165 P\u00edsmo, lebo v&nbsp;\u0148om je Jeho slovo. Budeme rozumie\u0165 Jeho odkazu, a&nbsp;preto nebudeme op\u00fa\u0161\u0165a\u0165 Jeho cirkev. Cesta obet\u00ed pre Bo\u017eie veci n\u00e1m nebude neschodn\u00e1. Jeho l\u00e1ska k&nbsp;n\u00e1m bude mot\u00edvom pre na\u0161u vz\u00e1jomn\u00fa l\u00e1sku a&nbsp;\u0161\u00edrenie pokoja. \u017div\u00fd P\u00e1n nech v&nbsp;n\u00e1s bud\u00ed \u017eiv\u00fa vieru a&nbsp;\u017eiv\u00e9 spolo\u010denstvo veriacich.&nbsp;<br \/><br \/>Prajeme V\u00e1m po\u017eehnan\u00e9 Ve\u013ekono\u010dn\u00e9 sviatky a&nbsp;poz\u00fdvame V\u00e1s \u017ei\u0165 ich odkaz vo&nbsp;svojich \u017eivotoch.&nbsp;<br \/><br \/><strong>Mgr. J\u00e1n Hrobo\u0148, biskup ZD<\/strong>&nbsp;<br \/><strong>Mgr. Ivan E\u013eko, gener\u00e1lny biskup&nbsp;<\/strong><br \/><strong>Mgr. Slavom\u00edr Sabol, biskup VD<\/strong><\/p>\n\n\n\n<p>Predsedn\u00edctvo ECAV&nbsp;|&nbsp;17.4.2019<\/p>\n\n\n\n<p><\/p>\n","protected":false},"excerpt":{"rendered":"<p>Pastiersky list Zboru biskupov ECAV na Slovensku, prv\u00e1 sl\u00e1vnos\u0165 ve\u013ekono\u010dn\u00e1 2019 Mil\u00ed bratia a&nbsp;sestry! Sl\u00e1vime Ve\u013ekono\u010dn\u00e9 sviatky. Oslavova\u0165 nejak\u00fa udalos\u0165 znamen\u00e1 nanovo si spr\u00edtomni\u0165 skuto\u010dnos\u0165, ktor\u00e1 sa stala, vyzdvihn\u00fa\u0165 jej d\u00f4le\u017eitos\u0165, aktualizova\u0165 jej posolstvo vo&nbsp;svojom \u017eivote. \u010c\u00edtanie pa\u0161i\u00ed n\u00e1s pren\u00e1\u0161a cez horizont \u010dasu, aby sme sa stali \u00fa\u010dastn\u00edkmi Je\u017ei\u0161ovho pa\u0161iov\u00e9ho pr\u00edbehu. Aj ve\u013ekono\u010dn\u00e9 jedl\u00e1 symbolicky &#8230; <a title=\"Pastiersky list Zboru biskupov &#8211; Ve\u013ek\u00e1 Noc 2019\" class=\"read-more\" href=\"https:\/\/www.e-anjelik.sk\/index.php\/2019\/04\/24\/pastiersky-list-zboru-biskupov-velka-noc-2019\/\" aria-label=\"Pre\u010d\u00edtajte si viac o Pastiersky list Zboru biskupov &#8211; Ve\u013ek\u00e1 Noc 2019\">\u010c\u00edta\u0165 viac<\/a><\/p>\n","protected":false},"author":4,"featured_media":0,"comment_status":"open","ping_status":"open","sticky":false,"template":"","format":"standard","meta":{"footnotes":""},"categories":[193,77,78],"tags":[],"class_list":["post-32562","post","type-post","status-publish","format-standard","hentry","category-co-pisu-ini","category-velka-noc","category-zbor-biskupov-ecav"],"_links":{"self":[{"href":"https:\/\/www.e-anjelik.sk\/index.php\/wp-json\/wp\/v2\/posts\/32562","targetHints":{"allow":["GET"]}}],"collection":[{"href":"https:\/\/www.e-anjelik.sk\/index.php\/wp-json\/wp\/v2\/posts"}],"about":[{"href":"https:\/\/www.e-anjelik.sk\/index.php\/wp-json\/wp\/v2\/types\/post"}],"author":[{"embeddable":true,"href":"https:\/\/www.e-anjelik.sk\/index.php\/wp-json\/wp\/v2\/users\/4"}],"replies":[{"embeddable":true,"href":"https:\/\/www.e-anjelik.sk\/index.php\/wp-json\/wp\/v2\/comments?post=32562"}],"version-history":[{"count":2,"href":"https:\/\/www.e-anjelik.sk\/index.php\/wp-json\/wp\/v2\/posts\/32562\/revisions"}],"predecessor-version":[{"id":32580,"href":"https:\/\/www.e-anjelik.sk\/index.php\/wp-json\/wp\/v2\/posts\/32562\/revisions\/32580"}],"wp:attachment":[{"href":"https:\/\/www.e-anjelik.sk\/index.php\/wp-json\/wp\/v2\/media?parent=32562"}],"wp:term":[{"taxonomy":"category","embeddable":true,"href":"https:\/\/www.e-anjelik.sk\/index.php\/wp-json\/wp\/v2\/categories?post=32562"},{"taxonomy":"post_tag","embeddable":true,"href":"https:\/\/www.e-anjelik.sk\/index.php\/wp-json\/wp\/v2\/tags?post=32562"}],"curies":[{"name":"wp","href":"https:\/\/api.w.org\/{rel}","templated":true}]}}