{"id":32591,"date":"2019-05-08T11:24:46","date_gmt":"2019-05-08T09:24:46","guid":{"rendered":"http:\/\/e-anjelik.sk\/?p=32591"},"modified":"2019-05-08T11:24:46","modified_gmt":"2019-05-08T09:24:46","slug":"vojaci-sa-a-duchovni-mys-o-stefanikovi","status":"publish","type":"post","link":"https:\/\/www.e-anjelik.sk\/index.php\/2019\/05\/08\/vojaci-sa-a-duchovni-mys-o-stefanikovi\/","title":{"rendered":"Vojaci SA a duchovn\u00ed MyS o \u0160tef\u00e1nikovi"},"content":{"rendered":"\n<p><strong>Predbe\u017en\u00fd program<\/strong><\/p>\n\n\n\n<p><strong>Medzin\u00e1rodn\u00e1 konferencia<\/strong><\/p>\n\n\n\n<p><strong>\u201eFenom\u00e9n \u0160tef\u00e1nik\u201c<\/strong><\/p>\n\n\n\n<p><strong>spojen\u00e1 s&nbsp;rokovan\u00edm hlavn\u00fdch vojensk\u00fdch duchovn\u00fdch V4<\/strong><\/p>\n\n\n\n<p>Miesto konania: Hotel \u0160tef\u00e1nik, Myjava; Ko\u0161arisk\u00e1; Mohyla na Bradle<\/p>\n\n\n\n<p>Term\u00edn 13.5.-14.5.2019<\/p>\n\n\n\n<p>Organiz\u00e1tor: \u00dastredie EPS v&nbsp;OS SR a&nbsp;OZ SR<\/p>\n\n\n\n<p><strong>\u010cas\u0165 A: 13.5.2019 &#8211; Rokovanie V4&nbsp;<\/strong> (Hotel \u0160tef\u00e1nik, Myjava)<\/p>\n\n\n\n<ul class=\"wp-block-list\"><li>10:30 hod. Priv\u00edtanie, \u00favodn\u00e9 slovo, predstavenie programu (UEPS)<\/li><li>10:40 hod. Bilater\u00e1lne a&nbsp;multilater\u00e1lne aktivity (p\u00fate) v&nbsp;r\u00e1mci V4 (UEPS)<\/li><li>11:00 hod. Predn\u00e1\u0161ka VH\u00da SR \u2013 M.R. \u0160tef\u00e1nik, historick\u00fd poh\u013ead<\/li><li>11:45 hod. Predn\u00e1\u0161ka dekan VePS \u2013 M.R. \u0160tef\u00e1nik, teologick\u00fd poh\u013ead<\/li><li>12:30 hod. Ukon\u010denie I. bloku konferencie (UEPS)<\/li><\/ul>\n\n\n\n<p><strong>\u010cas\u0165 B: 13.5.2019 &#8211; V\u00fdstup na Mohylu<\/strong> (Ko\u0161arisk\u00e1; Mohyla na Bradle; Hotel \u0160tef\u00e1nik Myjava)<\/p>\n\n\n\n<ul class=\"wp-block-list\"><li>15,00 &#8211; 15,30 hod &#8211; presun do Ko\u0161ar\u00edsk<\/li><li>15,30 &#8211; 16,00 hod &#8211; prijatie starostom Ko\u0161ar\u00edsk v&nbsp;M\u00fazeu M. R. \u0160tef\u00e1nika&nbsp;<\/li><\/ul>\n\n\n\n<p>&nbsp; &nbsp; &nbsp; &nbsp; &nbsp; &nbsp; &nbsp; &nbsp; &nbsp; &nbsp; &nbsp; &nbsp; &nbsp; &nbsp; &nbsp; &nbsp; (program v&nbsp;r\u00e9\u017eii starostu)<\/p>\n\n\n\n<ul class=\"wp-block-list\"><li>16,00 &#8211; 18,00 hod &#8211; v\u00fdstup na Mohylu<\/li><li>18,00 &#8211; 18,30 hod &#8211; pietny akt, kladenie vencov, prejavy, zap\u00e1lenie vatry<\/li><li>18,30 &#8211; 19,00 hod &#8211; presun do Hotela \u0160tef\u00e1nik, Myjava&nbsp;<\/li><li>19,00 &#8211; 19,40 hod &#8211; vo\u013en\u00fd \u010das&nbsp;<\/li><li>19,40 &#8211; 21,00 hod \u2013 recepcia<\/li><\/ul>\n\n\n\n<p><strong>\u010cas\u0165 C: 14.5.2019 \u2013 Predn\u00e1\u0161ky<\/strong> (Hotel \u0160tef\u00e1nik, Myjava)<\/p>\n\n\n\n<ul class=\"wp-block-list\"><li>08,30 &#8211; 09,00 hod&nbsp; &#8211; zah\u00e1jenie konferencie&nbsp; &nbsp; &nbsp; &nbsp; &nbsp; &nbsp; &nbsp; &nbsp; &nbsp; &nbsp; &nbsp; &nbsp; &nbsp; &nbsp; &nbsp; &nbsp; &nbsp; &nbsp; &nbsp; &nbsp; &nbsp; &nbsp;<\/li><li>09,00 &#8211; 10,00 hod&nbsp; &#8211; <em>predn\u00e1\u0161ka<\/em>&nbsp;<\/li><li>10,00 &#8211; 10,15 hod &#8211; diskusia<\/li><li>10,15 &#8211; 10,30 hod &#8211; ob\u010derstvenie&nbsp;<\/li><li>10,30 &#8211; 11,30 hod &#8211;&nbsp;<em>predn\u00e1\u0161ka<\/em>&nbsp;<\/li><li>11,30 &#8211; 11,45 hod &#8211; diskusia<\/li><li>11,45 &#8211; 12,00 hod &#8211; ob\u010derstvenie&nbsp;<\/li><li>12,00 &#8211; 13,00 hod &#8211; <em>predn\u00e1\u0161ka<\/em><\/li><li>13,00 &#8211; 13,15 hod &#8211; diskusia<\/li><li>13,30 &#8211; 14,30 hod &#8211; obed<\/li><li>14,30 &#8211; 15,00 hod&nbsp; &#8211; presun do kostola ECAV Myjava<\/li><li>15,00 &#8211; 16,00 hod &#8211; ekumenick\u00e1 bohoslu\u017eba, kostol ECAV Myjava, ofici\u00e1lne ukon\u010denie konferencie&nbsp;<\/li><\/ul>\n","protected":false},"excerpt":{"rendered":"<p>Predbe\u017en\u00fd program Medzin\u00e1rodn\u00e1 konferencia \u201eFenom\u00e9n \u0160tef\u00e1nik\u201c spojen\u00e1 s&nbsp;rokovan\u00edm hlavn\u00fdch vojensk\u00fdch duchovn\u00fdch V4 Miesto konania: Hotel \u0160tef\u00e1nik, Myjava; Ko\u0161arisk\u00e1; Mohyla na Bradle Term\u00edn 13.5.-14.5.2019 Organiz\u00e1tor: \u00dastredie EPS v&nbsp;OS SR a&nbsp;OZ SR \u010cas\u0165 A: 13.5.2019 &#8211; Rokovanie V4&nbsp; (Hotel \u0160tef\u00e1nik, Myjava) 10:30 hod. Priv\u00edtanie, \u00favodn\u00e9 slovo, predstavenie programu (UEPS) 10:40 hod. Bilater\u00e1lne a&nbsp;multilater\u00e1lne aktivity (p\u00fate) v&nbsp;r\u00e1mci V4 &#8230; <a title=\"Vojaci SA a duchovn\u00ed MyS o \u0160tef\u00e1nikovi\" class=\"read-more\" href=\"https:\/\/www.e-anjelik.sk\/index.php\/2019\/05\/08\/vojaci-sa-a-duchovni-mys-o-stefanikovi\/\" aria-label=\"Pre\u010d\u00edtajte si viac o Vojaci SA a duchovn\u00ed MyS o \u0160tef\u00e1nikovi\">\u010c\u00edta\u0165 viac<\/a><\/p>\n","protected":false},"author":4,"featured_media":0,"comment_status":"open","ping_status":"open","sticky":false,"template":"","format":"standard","meta":{"footnotes":""},"categories":[1],"tags":[],"class_list":["post-32591","post","type-post","status-publish","format-standard","hentry","category-adventna-modlitba"],"_links":{"self":[{"href":"https:\/\/www.e-anjelik.sk\/index.php\/wp-json\/wp\/v2\/posts\/32591","targetHints":{"allow":["GET"]}}],"collection":[{"href":"https:\/\/www.e-anjelik.sk\/index.php\/wp-json\/wp\/v2\/posts"}],"about":[{"href":"https:\/\/www.e-anjelik.sk\/index.php\/wp-json\/wp\/v2\/types\/post"}],"author":[{"embeddable":true,"href":"https:\/\/www.e-anjelik.sk\/index.php\/wp-json\/wp\/v2\/users\/4"}],"replies":[{"embeddable":true,"href":"https:\/\/www.e-anjelik.sk\/index.php\/wp-json\/wp\/v2\/comments?post=32591"}],"version-history":[{"count":1,"href":"https:\/\/www.e-anjelik.sk\/index.php\/wp-json\/wp\/v2\/posts\/32591\/revisions"}],"predecessor-version":[{"id":32592,"href":"https:\/\/www.e-anjelik.sk\/index.php\/wp-json\/wp\/v2\/posts\/32591\/revisions\/32592"}],"wp:attachment":[{"href":"https:\/\/www.e-anjelik.sk\/index.php\/wp-json\/wp\/v2\/media?parent=32591"}],"wp:term":[{"taxonomy":"category","embeddable":true,"href":"https:\/\/www.e-anjelik.sk\/index.php\/wp-json\/wp\/v2\/categories?post=32591"},{"taxonomy":"post_tag","embeddable":true,"href":"https:\/\/www.e-anjelik.sk\/index.php\/wp-json\/wp\/v2\/tags?post=32591"}],"curies":[{"name":"wp","href":"https:\/\/api.w.org\/{rel}","templated":true}]}}