{"id":32597,"date":"2019-05-11T21:21:43","date_gmt":"2019-05-11T19:21:43","guid":{"rendered":"http:\/\/e-anjelik.sk\/?p=32597"},"modified":"2019-05-11T21:21:43","modified_gmt":"2019-05-11T19:21:43","slug":"jan-smrek-basen-o-krasnej-matke","status":"publish","type":"post","link":"https:\/\/www.e-anjelik.sk\/index.php\/2019\/05\/11\/jan-smrek-basen-o-krasnej-matke\/","title":{"rendered":"J\u00e1n Smrek &#8211; B\u00e1se\u0148 o kr\u00e1snej matke"},"content":{"rendered":"\n<p>Prekr\u00e1sna\nmatka!<br>\nHoc s\u00fa u\u017e jej vlasy<br>\nstrieborne leskl\u00e9,<br>\npredsa jej v\u0161ak neubudlo z kr\u00e1sy,<br>\nbo svetu dala<br>\nkr\u00e1snu dc\u00e9ru.<\/p>\n\n\n\n<p>A svet sa\nd\u00edva na obe<br>\na koch\u00e1 sa v ich podobe.<\/p>\n\n\n\n<p>Akou je\ndc\u00e9ra dnes,<br>\njej matka bola niekedy,<br>\nupom\u00ednaj\u00fac na kvety &#8211;<br>\na ak\u00e1 je dnes matka vzne\u0161en\u00e1,<br>\ntakou sa niekedy dc\u00e9ra stane.<br>\nMedzi nimi<br>\nje v\u0161etko \u010dudne zharmonizovan\u00e9.<\/p>\n\n\n\n<p>Matka m\u00e1 o\u010di\nako uho\u013e<br>\na s\u00fa to o\u010di dc\u00e9rine.<br>\nTie h\u013eadia s oh\u0148om na \u010dloveka<br>\na tamtie krotko, nevinne.<br>\nJedny z nich velia: po\u013e\u00fab pery<br>\nosemn\u00e1s\u0165ro\u010dnej dc\u00e9ry<br>\na druh\u00e9: k\u013eakni si pred matkou<br>\na bav ju \u017eitia poh\u00e1dkou!<\/p>\n\n\n\n<p>\u00d3 o\u010di dc\u00e9ry,\no\u010di matky,<br>\nktor\u00e9 ste drah\u0161ie \u010dloveku?<br>\nJedna ich nos\u00ed ku bielemu<br>\nk \u010diernemu druh\u00e1 obleku.<br>\nM\u00f4\u017e\u2018 milova\u0165 v\u0161ak v dc\u00e9re matku<br>\na obom vravie\u0165 o \u0161\u0165ast\u00ed,<br>\nhovori\u0165 jednej sv\u00e4t\u00e1 ste mi,<br>\ntej druhej: moja, moja, ty!<\/p>\n\n\n\n<p>Mus\u00ed sa\nriec\u0165 i sm\u00fato\u010dn\u00e9 to:<br>\nnebude matky kedysi!<br>\nV\u0161ak v dc\u00e9re bud\u00fa zachovan\u00e9<br>\njej drahocenn\u00e9 obrysy.<br>\nUtek\u00e1 \u017eivot ako rieka,<br>\nz dc\u00e9ry sa matka stane raz<br>\na po rokoch sa zopakuje<br>\nmetamorf\u00f3za kr\u00e1s.<\/p>\n","protected":false},"excerpt":{"rendered":"<p>Prekr\u00e1sna matka! Hoc s\u00fa u\u017e jej vlasy strieborne leskl\u00e9, predsa jej v\u0161ak neubudlo z kr\u00e1sy, bo svetu dala kr\u00e1snu dc\u00e9ru. A svet sa d\u00edva na obe a koch\u00e1 sa v ich podobe. Akou je dc\u00e9ra dnes, jej matka bola niekedy, upom\u00ednaj\u00fac na kvety &#8211; a ak\u00e1 je dnes matka vzne\u0161en\u00e1, takou sa niekedy dc\u00e9ra stane. &#8230; <a title=\"J\u00e1n Smrek &#8211; B\u00e1se\u0148 o kr\u00e1snej matke\" class=\"read-more\" href=\"https:\/\/www.e-anjelik.sk\/index.php\/2019\/05\/11\/jan-smrek-basen-o-krasnej-matke\/\" aria-label=\"Pre\u010d\u00edtajte si viac o J\u00e1n Smrek &#8211; B\u00e1se\u0148 o kr\u00e1snej matke\">\u010c\u00edta\u0165 viac<\/a><\/p>\n","protected":false},"author":3,"featured_media":0,"comment_status":"open","ping_status":"open","sticky":false,"template":"","format":"standard","meta":{"footnotes":""},"categories":[165],"tags":[],"class_list":["post-32597","post","type-post","status-publish","format-standard","hentry","category-poezia-2"],"_links":{"self":[{"href":"https:\/\/www.e-anjelik.sk\/index.php\/wp-json\/wp\/v2\/posts\/32597","targetHints":{"allow":["GET"]}}],"collection":[{"href":"https:\/\/www.e-anjelik.sk\/index.php\/wp-json\/wp\/v2\/posts"}],"about":[{"href":"https:\/\/www.e-anjelik.sk\/index.php\/wp-json\/wp\/v2\/types\/post"}],"author":[{"embeddable":true,"href":"https:\/\/www.e-anjelik.sk\/index.php\/wp-json\/wp\/v2\/users\/3"}],"replies":[{"embeddable":true,"href":"https:\/\/www.e-anjelik.sk\/index.php\/wp-json\/wp\/v2\/comments?post=32597"}],"version-history":[{"count":1,"href":"https:\/\/www.e-anjelik.sk\/index.php\/wp-json\/wp\/v2\/posts\/32597\/revisions"}],"predecessor-version":[{"id":32598,"href":"https:\/\/www.e-anjelik.sk\/index.php\/wp-json\/wp\/v2\/posts\/32597\/revisions\/32598"}],"wp:attachment":[{"href":"https:\/\/www.e-anjelik.sk\/index.php\/wp-json\/wp\/v2\/media?parent=32597"}],"wp:term":[{"taxonomy":"category","embeddable":true,"href":"https:\/\/www.e-anjelik.sk\/index.php\/wp-json\/wp\/v2\/categories?post=32597"},{"taxonomy":"post_tag","embeddable":true,"href":"https:\/\/www.e-anjelik.sk\/index.php\/wp-json\/wp\/v2\/tags?post=32597"}],"curies":[{"name":"wp","href":"https:\/\/api.w.org\/{rel}","templated":true}]}}