{"id":32616,"date":"2019-05-28T00:17:51","date_gmt":"2019-05-27T22:17:51","guid":{"rendered":"http:\/\/e-anjelik.sk\/?p=32616"},"modified":"2019-05-28T00:17:51","modified_gmt":"2019-05-27T22:17:51","slug":"konferencia-cirkevnych-archivarov-v-ostrihome","status":"publish","type":"post","link":"https:\/\/www.e-anjelik.sk\/index.php\/2019\/05\/28\/konferencia-cirkevnych-archivarov-v-ostrihome\/","title":{"rendered":"Konferencia cirkevn\u00fdch archiv\u00e1rov v Ostrihome"},"content":{"rendered":"\n<p>Konferencia cirkevn\u00fdch archiv\u00e1rov<\/p>\n\n\n\n<p>D\u0148a 9. m\u00e1ja sa v ma\u010farskom meste Ostrihom uskuto\u010dnila konferencia cirkevn\u00fdch archiv\u00e1rov. Konferenciu usporiadala Spolo\u010dnos\u0165 cirkevn\u00fdch archiv\u00e1rov v Ma\u010farsku (Magyarorsz\u00e1gi Egyh\u00e1zi Lev\u00e9lt\u00e1ro-sok Egyes\u00fclete), ktor\u00e1 sa u\u017e od roku 1993 sna\u017e\u00ed o vytvorenie efekt\u00edvnej \u013eudskej a profesion\u00e1lnej komunik\u00e1cie medzi cirkevn\u00fdmi ar- ch\u00edvmi v Ma\u010farsku na ekumenickom z\u00e1klade. Cirkevn\u00ed archiv\u00e1ri zdru\u017een\u00ed v tejto spo- lo\u010dnosti sa na pravideln\u00fdch stretnutiach nielen spolo\u010dne radia o rie\u0161en\u00ed ka\u017edoden- n\u00fdch probl\u00e9mov, ktor\u00e9 prin\u00e1\u0161a profesia archiv\u00e1ra, ale vz\u00e1jomne spolupracuj\u00fa aj pri digitaliz\u00e1cii arch\u00edvneho dedi\u010dstva. (http:\/\/matricula.hu, http:\/\/arca.melte.hu)<\/p>\n\n\n\n<p>&nbsp;Hlavn\u00fdm cie\u013eom konferencie bolo tento- kr\u00e1t nadviaza\u0165 vz\u0165ahy s cirkevn\u00fdmi arch\u00edvmi na Slovensku, ke\u010f\u017ee na\u0161e n\u00e1rody zdie\u013eaj\u00fa spo- lu ve\u013ek\u00fd kus hist\u00f3rie a na\u0161e arch\u00edvne dedi\u010dstvo je navz\u00e1jom prepojen\u00e9 siln\u00fdmi v\u00e4zbami. Ma- \u010farsk\u00ed archiv\u00e1ri sa teda rozhodli da\u0165 priestor na konferencii hlavne n\u00e1m Slov\u00e1kom a po\u017eia- dali n\u00e1s o refer\u00e1ty. Evanjelick\u00fa cirkev augs- bursk\u00e9ho vyznania na Slovensku reprezento- vali Milo\u0161 Ko\u017elej, archiv\u00e1r Arch\u00edvu V\u00fdchod- n\u00e9ho di\u0161triktu ECAV a Martin Miti Kov\u00e1\u010d, ved\u00faci \u00dastredn\u00e9ho arch\u00edvu ECAV na Sloven- sku, ktor\u00ed ma\u010farsk\u00fdch kolegov obozn\u00e1mili s hist\u00f3riou a s\u00fa\u010dasn\u00fdm stavom na\u0161ich dvoch evanjelick\u00fdch arch\u00edvov.<\/p>\n\n\n\n<p>S\u00fa\u010das\u0165ou konferencie bola aj prehliadka priestorov arch\u00edvu Ostrihomsko-budape\u0161- tianskej arcidiec\u00e9zy, spojen\u00e1 s prezent\u00e1ciou najvz\u00e1cnej\u0161\u00edch arch\u00edvnych dokumentov, kto- r\u00e9 s\u00fa tu ulo\u017een\u00e9. Atmosf\u00e9ra bola ve\u013emi pria- te\u013esk\u00e1, ma\u010farsk\u00ed kolegovia boli ve\u013emi srde\u010dn\u00ed, i ke\u010f aj trochu sklaman\u00ed, \u017ee n\u00e1s zo Slovenska nepri\u0161lo viac. Pr\u00ednosn\u00e9 pre n\u00e1s, evanjelick\u00fdch archiv\u00e1rov, bolo hlavne nadviazanie kontak- tu s pracovn\u00edkmi ma\u010farsk\u00e9ho evanjelick\u00e9ho centr\u00e1lneho arch\u00edvu v Budape\u0161ti (Evang\u00e9li- kus orsz\u00e1gos lev\u00e9lt\u00e1r). Riadite\u013e Mikl\u00f3s Czent- he n\u00e1m ochotne odpovedal na na\u0161e mno- h\u00e9 ot\u00e1zky. Evan\u00e9likus Orsz\u00e1gos l\u00e9velt\u00e1r je<\/p>\n\n\n\n<p>\u00fa\u010delov\u00fdm zariaden\u00edm Evanjelickej a. v. cirkvi v Ma\u010farsku a v s\u00fa\u010dasnosti v \u0148om pracuje p\u00e4\u0165 zamestnancov, traja na pln\u00fd \u00fav\u00e4zok a dvaja na \u010diasto\u010dn\u00fd. Nach\u00e1dzaj\u00fa sa v \u0148om mnoh\u00e9 doku- menty, ktor\u00e9 sa t\u00fdkaj\u00fa \u00fazemia Slovenska, ako aj \u010dasti arch\u00edvnych fondov, ktor\u00e9 n\u00e1m na Slo- vensku ch\u00fdbaj\u00fa.<\/p>\n\n\n\n<p>Mus\u00edm poznamena\u0165, \u017ee ma\u010farsk\u00ed evanjeli- ci sa z\u00e1chrane svojho arch\u00edvneho dedi\u010dstva u\u017e roky venuj\u00fa, na rozdiel od n\u00e1s Slov\u00e1kov. V na- \u0161ej cirkvi je t\u00e1to oblas\u0165 u\u017e roky zanedb\u00e1van\u00e1, \u010do m\u00e1 samozrejme negat\u00edvne d\u00f4sledky. Mno- h\u00e9 zo vz\u00e1cnych arch\u00edvnych dokumentov, kto- r\u00e9 boli e\u0161te pred p\u00e4\u0165desiatimi rokmi v eviden- cii, dnes u\u017e neexistuj\u00fa. Na druhej strane aj ma\u010farsk\u00ed evanjelici maj\u00fa svoje probl\u00e9my a ne- dorie\u0161en\u00e9 veci. Pri vz\u00e1jomn\u00fdch rozhovoroch sa uk\u00e1zalo ve\u013ea spolo\u010dn\u00fdch t\u00e9m, ako je ochra- na arch\u00edvnych fondov cirkevn\u00fdch zborov, ne- dostatok&nbsp; nanci\u00ed, ale aj z\u00e1mer vy\u010dleni\u0165 pre centr\u00e1lny arch\u00edv zodpovedaj\u00facu budovu. Ma- \u010farsk\u00fdch kolegov sme informovali aj o na\u0161om z\u00e1mere vybudova\u0165 centrum hist\u00f3rie v Jurkovi- \u010dovom sirotinci v Modre.<\/p>\n\n\n\n<p>\u00da\u010das\u0165 na konferencii priniesla svoje ovo- cie. Ver\u00edme, \u017ee nov\u00e9 kontakty a vz\u0165ahy bud\u00fa na \u00fa\u017eitok obidvom stran\u00e1m a poved\u00fa k skva- litneniu n\u00e1\u0161ho spolo\u010dn\u00e9ho z\u00e1pasu o z\u00e1chranu n\u00e1\u0161ho historick\u00e9ho dedi\u010dstva.<\/p>\n\n\n\n<p>Martin Miti Kov\u00e1\u010d<\/p>\n\n\n\n<p>ved\u00faci \u00dastredn\u00e9ho arch\u00edvu ECAV na Slovensku, archiv@ecav.sk<\/p>\n","protected":false},"excerpt":{"rendered":"<p>Konferencia cirkevn\u00fdch archiv\u00e1rov D\u0148a 9. m\u00e1ja sa v ma\u010farskom meste Ostrihom uskuto\u010dnila konferencia cirkevn\u00fdch archiv\u00e1rov. Konferenciu usporiadala Spolo\u010dnos\u0165 cirkevn\u00fdch archiv\u00e1rov v Ma\u010farsku (Magyarorsz\u00e1gi Egyh\u00e1zi Lev\u00e9lt\u00e1ro-sok Egyes\u00fclete), ktor\u00e1 sa u\u017e od roku 1993 sna\u017e\u00ed o vytvorenie efekt\u00edvnej \u013eudskej a profesion\u00e1lnej komunik\u00e1cie medzi cirkevn\u00fdmi ar- ch\u00edvmi v Ma\u010farsku na ekumenickom z\u00e1klade. Cirkevn\u00ed archiv\u00e1ri zdru\u017een\u00ed v tejto spo- &#8230; <a title=\"Konferencia cirkevn\u00fdch archiv\u00e1rov v Ostrihome\" class=\"read-more\" href=\"https:\/\/www.e-anjelik.sk\/index.php\/2019\/05\/28\/konferencia-cirkevnych-archivarov-v-ostrihome\/\" aria-label=\"Pre\u010d\u00edtajte si viac o Konferencia cirkevn\u00fdch archiv\u00e1rov v Ostrihome\">\u010c\u00edta\u0165 viac<\/a><\/p>\n","protected":false},"author":4,"featured_media":0,"comment_status":"open","ping_status":"open","sticky":false,"template":"","format":"standard","meta":{"footnotes":""},"categories":[1],"tags":[],"class_list":["post-32616","post","type-post","status-publish","format-standard","hentry","category-adventna-modlitba"],"_links":{"self":[{"href":"https:\/\/www.e-anjelik.sk\/index.php\/wp-json\/wp\/v2\/posts\/32616","targetHints":{"allow":["GET"]}}],"collection":[{"href":"https:\/\/www.e-anjelik.sk\/index.php\/wp-json\/wp\/v2\/posts"}],"about":[{"href":"https:\/\/www.e-anjelik.sk\/index.php\/wp-json\/wp\/v2\/types\/post"}],"author":[{"embeddable":true,"href":"https:\/\/www.e-anjelik.sk\/index.php\/wp-json\/wp\/v2\/users\/4"}],"replies":[{"embeddable":true,"href":"https:\/\/www.e-anjelik.sk\/index.php\/wp-json\/wp\/v2\/comments?post=32616"}],"version-history":[{"count":1,"href":"https:\/\/www.e-anjelik.sk\/index.php\/wp-json\/wp\/v2\/posts\/32616\/revisions"}],"predecessor-version":[{"id":32617,"href":"https:\/\/www.e-anjelik.sk\/index.php\/wp-json\/wp\/v2\/posts\/32616\/revisions\/32617"}],"wp:attachment":[{"href":"https:\/\/www.e-anjelik.sk\/index.php\/wp-json\/wp\/v2\/media?parent=32616"}],"wp:term":[{"taxonomy":"category","embeddable":true,"href":"https:\/\/www.e-anjelik.sk\/index.php\/wp-json\/wp\/v2\/categories?post=32616"},{"taxonomy":"post_tag","embeddable":true,"href":"https:\/\/www.e-anjelik.sk\/index.php\/wp-json\/wp\/v2\/tags?post=32616"}],"curies":[{"name":"wp","href":"https:\/\/api.w.org\/{rel}","templated":true}]}}