{"id":32638,"date":"2019-06-08T20:30:56","date_gmt":"2019-06-08T18:30:56","guid":{"rendered":"http:\/\/e-anjelik.sk\/?p=32638"},"modified":"2019-06-08T20:30:56","modified_gmt":"2019-06-08T18:30:56","slug":"zlatica-oravcova-prid-duchu-svaty","status":"publish","type":"post","link":"https:\/\/www.e-anjelik.sk\/index.php\/2019\/06\/08\/zlatica-oravcova-prid-duchu-svaty\/","title":{"rendered":"Zlatica Oravcov\u00e1 &#8211; Pr\u00ed\u010f, Duchu Sv\u00e4t\u00fd"},"content":{"rendered":"\n<p>Pr\u00ed\u010f, Duchu sv\u00e4t\u00fd, zap\u00e1\u013e srdcia na\u0161e,<br>\nPr\u00ed\u010f, Duchu dobr\u00fd \u2013 Sv\u00e4t\u00fd, pr\u00ed\u010f\u017ee k n\u00e1m!<br>\nS\u0155dc br\u00e1ny my ti otv\u00e1rame dokor\u00e1n,<br>\nnech l\u00e1ska tich\u00e1 na\u0161e srdcia via\u017ee!<\/p>\n\n\n\n<p>Nech tvoji sme, Pane, v \u0161\u0165ast\u00ed, v radosti.<br>\nPo\u017eehnan\u00fd de\u0148 je p\u00e4\u0165desiaty,<br>\nke\u010f naplnil si du\u0161e, Duchu sv\u00e4t\u00fd.<br>\nVytvoril si cirkev v svojej milosti!<\/p>\n\n\n\n<p>Pr\u00ed\u010f, Duchu dobr\u00fd, nech sv\u00e4t\u00e9 plamene<br>\nprep\u00e1lia i c\u00edtenia i snahy!<br>\nPr\u00ed\u010f, Duchu Kristov, vyt\u00fa\u017een\u00fd \u2013 drah\u00fd,<br>\npr\u00ed\u010f a obm\u00e4k\u010d srdca tvrd\u00e9 kamene!<br>\nPr\u00ed\u010f, Duchu sv\u00e4t\u00fd&#8230;<\/p>\n","protected":false},"excerpt":{"rendered":"<p>Pr\u00ed\u010f, Duchu sv\u00e4t\u00fd, zap\u00e1\u013e srdcia na\u0161e, Pr\u00ed\u010f, Duchu dobr\u00fd \u2013 Sv\u00e4t\u00fd, pr\u00ed\u010f\u017ee k n\u00e1m! S\u0155dc br\u00e1ny my ti otv\u00e1rame dokor\u00e1n, nech l\u00e1ska tich\u00e1 na\u0161e srdcia via\u017ee! Nech tvoji sme, Pane, v \u0161\u0165ast\u00ed, v radosti. Po\u017eehnan\u00fd de\u0148 je p\u00e4\u0165desiaty, ke\u010f naplnil si du\u0161e, Duchu sv\u00e4t\u00fd. Vytvoril si cirkev v svojej milosti! Pr\u00ed\u010f, Duchu dobr\u00fd, nech sv\u00e4t\u00e9 &#8230; <a title=\"Zlatica Oravcov\u00e1 &#8211; Pr\u00ed\u010f, Duchu Sv\u00e4t\u00fd\" class=\"read-more\" href=\"https:\/\/www.e-anjelik.sk\/index.php\/2019\/06\/08\/zlatica-oravcova-prid-duchu-svaty\/\" aria-label=\"Pre\u010d\u00edtajte si viac o Zlatica Oravcov\u00e1 &#8211; Pr\u00ed\u010f, Duchu Sv\u00e4t\u00fd\">\u010c\u00edta\u0165 viac<\/a><\/p>\n","protected":false},"author":3,"featured_media":0,"comment_status":"open","ping_status":"open","sticky":false,"template":"","format":"standard","meta":{"footnotes":""},"categories":[108],"tags":[],"class_list":["post-32638","post","type-post","status-publish","format-standard","hentry","category-svatodusne-sviatky"],"_links":{"self":[{"href":"https:\/\/www.e-anjelik.sk\/index.php\/wp-json\/wp\/v2\/posts\/32638","targetHints":{"allow":["GET"]}}],"collection":[{"href":"https:\/\/www.e-anjelik.sk\/index.php\/wp-json\/wp\/v2\/posts"}],"about":[{"href":"https:\/\/www.e-anjelik.sk\/index.php\/wp-json\/wp\/v2\/types\/post"}],"author":[{"embeddable":true,"href":"https:\/\/www.e-anjelik.sk\/index.php\/wp-json\/wp\/v2\/users\/3"}],"replies":[{"embeddable":true,"href":"https:\/\/www.e-anjelik.sk\/index.php\/wp-json\/wp\/v2\/comments?post=32638"}],"version-history":[{"count":1,"href":"https:\/\/www.e-anjelik.sk\/index.php\/wp-json\/wp\/v2\/posts\/32638\/revisions"}],"predecessor-version":[{"id":32641,"href":"https:\/\/www.e-anjelik.sk\/index.php\/wp-json\/wp\/v2\/posts\/32638\/revisions\/32641"}],"wp:attachment":[{"href":"https:\/\/www.e-anjelik.sk\/index.php\/wp-json\/wp\/v2\/media?parent=32638"}],"wp:term":[{"taxonomy":"category","embeddable":true,"href":"https:\/\/www.e-anjelik.sk\/index.php\/wp-json\/wp\/v2\/categories?post=32638"},{"taxonomy":"post_tag","embeddable":true,"href":"https:\/\/www.e-anjelik.sk\/index.php\/wp-json\/wp\/v2\/tags?post=32638"}],"curies":[{"name":"wp","href":"https:\/\/api.w.org\/{rel}","templated":true}]}}