{"id":3264,"date":"2010-12-25T20:48:40","date_gmt":"2010-12-25T20:48:40","guid":{"rendered":"http:\/\/e-anjelik.sk\/?p=3264"},"modified":"2010-12-25T20:48:40","modified_gmt":"2010-12-25T20:48:40","slug":"vianoce-sviatky-rodiny","status":"publish","type":"post","link":"https:\/\/www.e-anjelik.sk\/index.php\/2010\/12\/25\/vianoce-sviatky-rodiny\/","title":{"rendered":"Vianoce &#8211; sviatky rodiny"},"content":{"rendered":"<p>&nbsp;<span class=\"Apple-style-span\" style=\"font-family: 'Times New Roman'; line-height: normal; font-size: 18px; \"><b>&nbsp;&nbsp; &nbsp; &nbsp; &nbsp; &nbsp; &nbsp; &nbsp; &nbsp; &nbsp; &nbsp; &nbsp; &nbsp; &nbsp; &nbsp; &nbsp; &nbsp; &nbsp; &nbsp; &nbsp; Vianoce- sviatky rodiny<\/b><\/span><\/p>\n<p style=\"margin: 0.0px 0.0px 0.0px 0.0px; font: 18.0px Times New Roman\"><b>Lk 1, 26 &ndash; 35: &ldquo;<i> Potom v &scaron;iestom mesiaci poslal Boh anjela Gabriela do galilejsk&eacute;ho mesta Nazareta (27) k panne, zasn&uacute;benej s mu\u017eom, ktor&yacute; sa menoval Jozef a bol z domu D&aacute;vidovho &#8211; panna sa volala M&aacute;ria. (28) Ke\u010f anjel vo&scaron;iel k nej, povedal: Bu\u010f pozdraven&aacute;, milos\u0165ou obdaren&aacute;, P&aacute;n s tebou! Blahoslaven&aacute; medzi \u017eenami! (29) Ona, zarazen&aacute; jeho re\u010dou, prem&yacute;&scaron;\u013eala, ak&yacute; to pozdrav.(30) Ale anjel jej povedal: Neboj sa , M&aacute;ria lebo si na&scaron;la milos\u0165 u Boha. (31) Ajh\u013ea, po\u010dne&scaron; porod&iacute;&scaron; syna a d&aacute;&scaron; Mu meno Je\u017ei&scaron;. (32) Bude velik&yacute;, Synom Najvy&scaron;&scaron;ieho sa bude vola\u0165, a Boh Mu d&aacute; tr&oacute;n Jeho otca D&aacute;vida. (33) Bude kra\u013eova\u0165 nad domom J&aacute;kobov&yacute;m naveky a jeho kr&aacute;\u013eovstvu nebude konca. (34) A M&aacute;ria povedala anjelovi: Ako sa to stane, ve\u010f ja nepozn&aacute;m mu\u017ea! (35) Odpovedal jej anjel a riekol. Duch sv&auml;t&yacute; zost&uacute;pi na teba a moc Nnajvy&scaron;&scaron;ieho zatie \u0165a, preto aj to, \u010do sv&auml;t&eacute;ho narod&iacute; sa z teba, bude sa vola\u0165 Syn Bo\u017e&iacute;&ldquo;.&nbsp;<\/i><\/b><\/p>\n<p style=\"margin: 0.0px 0.0px 0.0px 0.0px; font: 18.0px Times New Roman\"><b><i>&nbsp;Mt 1, 19-21:&ldquo;Jej mu\u017e Jozef bol spravodliv&yacute;, nechcel ju vystavi\u0165 hanbe, a chcel ju tajne prepusti\u0165. (20) Ke\u010f prem&yacute;&scaron;\u013eal o tom, ajh\u013ea, zjavil sa mu vo sne anjel P&aacute;nov a povedal: Jozef, syn D&aacute;vidov, neboj sa prija\u0165 M&aacute;riu za \u017eenu, lebo \u010do sa v nej po\u010dalo, je z Ducha Sv&auml;t&eacute;ho. (21) Porod&iacute; syna a d&aacute;&scaron;&nbsp; Mu meno Je\u017ei&scaron;, lebo On vyslobod&iacute; svoj \u013eud z hriechov&ldquo;. Amen<\/i><\/b><\/p>\n<p style=\"margin: 0.0px 0.0px 0.0px 0.0px; font: 18.0px Times New Roman\"><b>______________________<\/b>_______________________________&nbsp;<\/p>\n<p style=\"margin: 0.0px 0.0px 0.0px 0.0px; font: 12.0px Times New Roman\">&nbsp;&nbsp; &nbsp; Mil&iacute; bratia a sestry, mil&iacute; rodi\u010dia a deti!<\/p>\n<p style=\"margin: 0.0px 0.0px 0.0px 0.0px; font: 12.0px Times New Roman; min-height: 15.0px\">&nbsp;<\/p>\n<p style=\"margin: 0.0px 0.0px 0.0px 0.0px; font: 12.0px Times New Roman\">&nbsp;&nbsp; &nbsp; Vianoce, sviatky, ku ktor&yacute;m sa&nbsp; pripravujeme a ktor&eacute; u\u017e klop&uacute; na dvere, maj&uacute; mnoho pekn&yacute;ch, v&yacute;sti\u017en&yacute;ch <span style=\"font: 18.0px Times New Roman\"><b>pomenovan&iacute;<\/b>. Jedno z najzn&aacute;mej&scaron;&iacute;ch je: <b>Vianoce sviatky RODINY<\/b>.<\/span><\/p>\n<p style=\"margin: 0.0px 0.0px 0.0px 0.0px; font: 12.0px Times New Roman\">&nbsp;&nbsp; &nbsp; Je to nielen pomenovanie pekn&eacute;, ale je aj pravdiv&eacute; a biblick&eacute;. Zalo\u017een&eacute; na skuto\u010dnosti prv&yacute;ch Vianoc a na tom, \u010do im predch&aacute;dzalo. Ve\u010f Vianoce bez rodiny, toti\u017e bez mu\u017ea Jozefa, bez jeho \u017eeny M&aacute;rie a Die\u0165a\u0165ka menom Je\u017ei&scaron; by v&ocirc;bec neexistovali.<span style=\"font: 18.0px Times New Roman\"><b> Oni tvoria rodinu, ak&uacute; chce ma\u0165 P&aacute;n Boh, n&aacute;&scaron; nebesk&yacute; Otec: sv&auml;t&uacute; rodinu! <\/b>Tak&uacute;, kde s&uacute; mu\u017e a \u017eena spolu! Kde man\u017eelov sp&aacute;ja l&aacute;ska a po\u017eehn&aacute;va<b> ich pr&iacute;tomn&yacute; Bo\u017e&iacute; Syn Je\u017ei&scaron;<\/b>, naz&yacute;van&yacute; aj Imanuel &#8211; Boh s nami.<\/span><\/p>\n<p style=\"margin: 0.0px 0.0px 0.0px 0.0px; font: 18.0px Times New Roman; min-height: 21.0px\">&nbsp;<\/p>\n<p style=\"margin: 0.0px 0.0px 0.0px 0.0px; font: 12.0px Times New Roman\">&nbsp; &nbsp; &nbsp; Aj v na&scaron;ich rodin&aacute;ch to m&aacute; a m&ocirc;\u017ee by\u0165 podobne.&nbsp;<\/p>\n<p style=\"margin: 0.0px 0.0px 0.0px 0.0px; font: 18.0px Times New Roman\"><span style=\"font: 12.0px Times New Roman\">&nbsp; &nbsp; &nbsp; M&aacute; a m&ocirc;\u017ee by\u0165 v nich trval&aacute; l&aacute;ska! L&aacute;ska mu\u017ea a otca i man\u017eelky a matky!&nbsp;<\/span><b> Mu\u017ea<\/b>, ktor&yacute; miluje svoju \u017eenu a svoje deti, a ktor&yacute; prij&iacute;ma do svojej rodiny aj Je\u017ei&scaron;ka! L&aacute;ska man\u017eely a matky, ktor&aacute; je vern&aacute; a a miluj&uacute;ca, ako M&aacute;ria.<\/p>\n<p style=\"margin: 0.0px 0.0px 0.0px 0.0px; font: 18.0px Times New Roman; min-height: 21.0px\">&nbsp;<\/p>\n<p style=\"margin: 0.0px 0.0px 0.0px 0.0px; font: 18.0px Times New Roman\"><span style=\"font: 12.0px Times New Roman\">&nbsp;&nbsp; &nbsp; Je\u017ei&scaron;, Bo\u017eie Die\u0165a nie je<\/span> niekto cudz&iacute; navy&scaron;e. On nie je &nbsp; prek&aacute;\u017ekou rodinn&eacute;ho &scaron;\u0165astia. Naopak! <b>On<\/b> prin&aacute;&scaron;a do na&scaron;ich rod&iacute;n v\u017edy nov&uacute; l&aacute;sku, svoj nebesk&yacute; pokoj a u\u010d&iacute; n&aacute;s slu\u017ebe. Hovor&iacute;, \u010do treba robi\u0165, aby bolo v&scaron;etk&yacute;m dobre, aby sa v&scaron;etci c&iacute;tili bezpe\u010dne a boli &scaron;\u0165astn&iacute;!<\/p>\n<p style=\"margin: 0.0px 0.0px 0.0px 0.0px; font: 12.0px Times New Roman\">&nbsp; &nbsp; Ten Jozef z Nazareta, ako sme po\u010duli z evanjelia Mat&uacute;&scaron;ovho, sa&nbsp; najsk&ocirc;r zdr&aacute;hal prija\u0165 die\u0165atko Je\u017ei&scaron;a za svoje vlastn&eacute; die\u0165a. Ale bolo to len preto, \u017ee nevedel \u010die ono Die\u0165a vlastne je . Ke\u010f sa od anjela dozvedel, \u017ee Je\u017ei&scaron;&nbsp; je Bo\u017e&iacute;m Synom, Bo\u017e&iacute;m die\u0165a\u0165om a bud&uacute;cim Spasite\u013eom &#8211; u\u017e nev&aacute;hal! Prijal M&aacute;riu i jej Die\u0165a a bol mu t&yacute;m najlep&scaron;&iacute;m otcom!<\/p>\n<p style=\"margin: 0.0px 0.0px 0.0px 0.0px; font: 18.0px Times New Roman; min-height: 21.0px\">&nbsp; &nbsp; &nbsp;<\/p>\n<p style=\"margin: 0.0px 0.0px 0.0px 0.0px; font: 12.0px Times New Roman\">&nbsp;&nbsp; &nbsp; \u010co to zna\u010d&iacute;: by\u0165 dobr&yacute;m otcom?<\/p>\n<p style=\"margin: 0.0px 0.0px 0.0px 0.0px; font: 18.0px Times New Roman\">Staral sa o svoju \u017eenu , pracoval ako tes&aacute;r, aby u\u017eivil ju i Je\u017ei&scaron;a. Nesk&ocirc;r sa uk&aacute;zalo, \u017ee mus&iacute; ma\u0165 ve\u013ea stato\u010dnosti a odvahy. Bolo treba &iacute;s\u0165 nielen do Betlehema pri s\u010d&iacute;tan&iacute; \u013eudu a pripravi\u0165 tam prechodn&yacute; pr&iacute;bytok. Len \u010do prijali vz&aacute;cnu n&aacute;v&scaron;tevu mudrcov od v&yacute;chodu, u\u017e Jozef musel opusti\u0165 aj rodn&uacute; zem Izraelsk&uacute; a v no\u010dn&uacute; hodinu uteka\u0165 s rodinou do Egypta, aby zachr&aacute;nil Je\u017ei&scaron;ka pred zl&yacute;mi &uacute;myslami kr&aacute;\u013ea Herodesa. <b>Jozef <\/b>&#8211; &bdquo;<i> vs\u0165a\u0148, vezmi die\u0165a\u0165ko a jeho matku, ute\u010d do Egypta a zosta\u0148 tam, dokia\u013e ti nepoviem. Lebo herodes bud eh\u013eada\u0165 die\u0165a\u0165ko, aby Ho zahubil. Vstal teda, vzal die\u0165a\u0165ko a jeho matku v noci a odi&scaron;iel do Egypta&ldquo;<\/i>&#8230;<\/p>\n<p style=\"margin: 0.0px 0.0px 0.0px 0.0px; font: 18.0px Times New Roman\">(Mt 2,13-14)&nbsp;<\/p>\n<p style=\"margin: 0.0px 0.0px 0.0px 0.0px; font: 12.0px Times New Roman\">&nbsp; &nbsp; A Jozef&nbsp; posl&uacute;chol.&nbsp; &Scaron;tyri roky b&yacute;vali v cudzine a \u017eili \u0165a\u017ek&yacute; \u017eivot vyhnancov, ale on svoju \u017eenu a syna neopustil!&nbsp; Jozef bol mu\u017e ako sa patr&iacute;: m&uacute;dry, pracovit&yacute;, odv&aacute;\u017eny a miluj&uacute;ci man\u017eel a otec. Nez\u013eakol sa prek&aacute;\u017eok, zloby, \u0165a\u017ekost&iacute;&#8230;Kto z n&aacute;s, mil&eacute; deti, by nechcel tak&eacute;ho otca, tak&eacute;ho tatka, \u010di ocina&#8230;?<\/p>\n<p style=\"margin: 0.0px 0.0px 0.0px 0.0px; font: 12.0px Times New Roman\">&nbsp; &nbsp; &nbsp; Po jeho bolu st&aacute;la M&aacute;ria, ako dobr&aacute; mami\u010dka a vern&aacute; man\u017eelka. Bola &scaron;\u0165astn&aacute;, \u017ee m&ocirc;\u017ee my\u0165 matkou Bo\u017eieho Syna a \u017ee jej P&aacute;n Boh dal tak&eacute;ho man\u017eela, s ktor&yacute;m mohli spolu \u017ei\u0165 a\u017e k&yacute;m ich smr\u0165- na \u010das &#8211; nerozdelila.<\/p>\n<p style=\"margin: 0.0px 0.0px 0.0px 0.0px; font: 12.0px Times New Roman; min-height: 15.0px\">&nbsp;&nbsp; &nbsp;<\/p>\n<p style=\"margin: 0.0px 0.0px 0.0px 0.0px; font: 18.0px Times New Roman\"><span style=\"font: 12.0px Times New Roman\">&nbsp;&nbsp; &nbsp; Vianoce s&uacute; sviatkami&nbsp; rodiny <\/span>&#8211; sviatkami ozajstn&yacute;ch &bdquo;chlapov&ldquo;&nbsp; a miluj&uacute;cich m&aacute;m a mami\u010diek, ktor&iacute; prij&iacute;maj&uacute; do svojho \u017eivota, do svojho srdca a do svojho domu aj Je\u017ei&scaron;a Krista ako P&aacute;na, ako sv&auml;t&eacute;ho Vykupite\u013ea a Spasite\u013ea.&nbsp;<\/p>\n<p style=\"margin: 0.0px 0.0px 0.0px 0.0px; font: 18.0px Times New Roman; min-height: 21.0px\">&nbsp;&nbsp;<\/p>\n<p style=\"margin: 0.0px 0.0px 0.0px 0.0px; font: 18.0px Times New Roman\"><span style=\"font: 12.0px Times New Roman\">&nbsp;&nbsp; &nbsp; V&aacute;m v&scaron;etk&yacute;m, mil&eacute; deti, \u017eel&aacute;m tak&yacute;ch otcov a tak&eacute; mamy a my ostan&iacute; &bdquo;dospel&aacute;ci&ldquo;&nbsp; &ndash; nev&aacute;hajme Jezefa a M&aacute;riu nasledova\u0165, u\u010di\u0165 sa od nich,&nbsp; <\/span><b>modli\u0165<\/b> sa o tak&uacute; vieru, ak&uacute; aj oni mali. Pre\u010do? <b>Lebo ich pokora&nbsp; a d&ocirc;vera v Die\u0165a, ktor&eacute; im Boh poslal ich urobila &scaron;\u0165astn&yacute;mi a radostn&yacute;mi. <\/b>A tento <b>Dar,<\/b> <b>Je\u017ei&scaron;ko<\/b> z neba,&nbsp; Jeho pr&iacute;tomnos\u0165 &#8211; i ke\u010f nevidite\u013en&aacute;- ale v Slove evanjelia skuto\u010dn&aacute; &#8211; <b>aj n&aacute;s po\u017eehn&aacute;!<\/b>&nbsp; Aj n&aacute;s r<b>ozradost&iacute;<\/b>, napln&iacute; mnoh&yacute;mi duchovn&yacute;mi <b>darmi<\/b>: l&aacute;skou a ochotu <b>sl&uacute;\u017ei\u0165 si<\/b>! &Aacute;no, i<b> odvahou &#8211;<\/b> ke\u010f treba deti a rodinu br&aacute;ni\u0165 pred ka\u017ed&yacute;m zlom. V&scaron;etk&yacute;ch napln&iacute; <b>n&aacute;dejou<\/b>, \u017ee raz n&aacute;s pr&aacute;ve to Bo\u017eie die\u0165a, <b>naroden&yacute; Syn Bo\u017e&iacute;<\/b>, dovedie do svojho Kr&aacute;\u013eovstva v nebi. Amen.<\/p>\n<p style=\"margin: 0.0px 0.0px 0.0px 0.0px; font: 18.0px Times New Roman; min-height: 21.0px\">&nbsp;&nbsp; &nbsp; &nbsp; &nbsp; &nbsp;<\/p>\n<p style=\"margin: 0.0px 0.0px 0.0px 0.0px; font: 18.0px Times New Roman\"><span style=\"font: 12.0px Times New Roman\">&nbsp;&nbsp; &nbsp; &nbsp; &nbsp; &nbsp; &nbsp; &nbsp; &nbsp; &nbsp; &nbsp; &nbsp; &nbsp; &nbsp; &nbsp; &nbsp; &nbsp; &nbsp;&nbsp;<\/span><i>Pr&iacute;hovor na detskom viano\u010dnom ve\u010dierku v Soboti&scaron;ti<\/i><\/p>\n<p style=\"margin: 0.0px 0.0px 0.0px 0.0px; font: 18.0px Times New Roman\"><i>&nbsp;&nbsp; &nbsp; &nbsp; &nbsp; &nbsp; &nbsp; &nbsp; &nbsp; &nbsp; &nbsp; &nbsp; &nbsp;&nbsp;s&nbsp; vyst&uacute;pen&iacute;m&nbsp; 5O det&iacute; s viano\u010dn&yacute;m posolstvom&nbsp;<\/i><\/p>\n<p style=\"margin: 0.0px 0.0px 0.0px 0.0px; font: 18.0px Times New Roman\"><span style=\"font: 12.0px Times New Roman\">&nbsp;&nbsp; &nbsp; &nbsp; &nbsp; &nbsp; &nbsp; &nbsp; &nbsp; &nbsp; &nbsp; &nbsp; &nbsp; &nbsp; &nbsp; &nbsp; &nbsp; &nbsp; &nbsp; &nbsp; &nbsp; &nbsp; &nbsp; &nbsp; &nbsp; &nbsp; &nbsp; &nbsp;<\/span><i>d\u0148a 23.12.2010 v kostole&nbsp; o 17.hod.&nbsp; &nbsp; &nbsp;<\/i><\/p>\n<p style=\"margin: 0.0px 0.0px 0.0px 0.0px; font: 12.0px Times New Roman\">&nbsp;&nbsp; &nbsp; &nbsp; &nbsp; &nbsp; &nbsp; &nbsp; &nbsp; &nbsp; &nbsp; &nbsp; &nbsp; &nbsp; &nbsp; &nbsp; &nbsp; &nbsp; &nbsp; &nbsp; &nbsp; &nbsp; &nbsp; &nbsp; &nbsp; &nbsp; &nbsp; &nbsp; &nbsp; &nbsp; &nbsp; &nbsp; &nbsp; &nbsp; &nbsp; &nbsp; &nbsp; &nbsp; &nbsp; &nbsp; &nbsp; &nbsp; &nbsp; &nbsp; &nbsp;&nbsp;<span style=\"font: 18.0px Times New Roman\"><i>\u013d.Batka st.<\/i><\/span><\/p>\n<div><span style=\"font: 18.0px Times New Roman\"><i><br \/>\n<\/i><\/span><\/div>\n","protected":false},"excerpt":{"rendered":"<p>&nbsp;&nbsp;&nbsp; &nbsp; &nbsp; &nbsp; &nbsp; &nbsp; &nbsp; &nbsp; &nbsp; &nbsp; &nbsp; &nbsp; &nbsp; &nbsp; &nbsp; &nbsp; &nbsp; &nbsp; &nbsp; Vianoce- sviatky rodiny Lk 1, 26 &ndash; 35: &ldquo; Potom v &scaron;iestom mesiaci poslal Boh anjela Gabriela do galilejsk&eacute;ho mesta Nazareta (27) k panne, zasn&uacute;benej s mu\u017eom, ktor&yacute; sa menoval Jozef a bol z domu D&aacute;vidovho &#8230; <a title=\"Vianoce &#8211; sviatky rodiny\" class=\"read-more\" href=\"https:\/\/www.e-anjelik.sk\/index.php\/2010\/12\/25\/vianoce-sviatky-rodiny\/\" aria-label=\"Pre\u010d\u00edtajte si viac o Vianoce &#8211; sviatky rodiny\">\u010c\u00edta\u0165 viac<\/a><\/p>\n","protected":false},"author":4,"featured_media":0,"comment_status":"open","ping_status":"open","sticky":false,"template":"","format":"standard","meta":{"footnotes":""},"categories":[95,159],"tags":[316],"class_list":["post-3264","post","type-post","status-publish","format-standard","hentry","category-sobotiste","category-vianoce","tag-detska-besiedka-3"],"_links":{"self":[{"href":"https:\/\/www.e-anjelik.sk\/index.php\/wp-json\/wp\/v2\/posts\/3264","targetHints":{"allow":["GET"]}}],"collection":[{"href":"https:\/\/www.e-anjelik.sk\/index.php\/wp-json\/wp\/v2\/posts"}],"about":[{"href":"https:\/\/www.e-anjelik.sk\/index.php\/wp-json\/wp\/v2\/types\/post"}],"author":[{"embeddable":true,"href":"https:\/\/www.e-anjelik.sk\/index.php\/wp-json\/wp\/v2\/users\/4"}],"replies":[{"embeddable":true,"href":"https:\/\/www.e-anjelik.sk\/index.php\/wp-json\/wp\/v2\/comments?post=3264"}],"version-history":[{"count":0,"href":"https:\/\/www.e-anjelik.sk\/index.php\/wp-json\/wp\/v2\/posts\/3264\/revisions"}],"wp:attachment":[{"href":"https:\/\/www.e-anjelik.sk\/index.php\/wp-json\/wp\/v2\/media?parent=3264"}],"wp:term":[{"taxonomy":"category","embeddable":true,"href":"https:\/\/www.e-anjelik.sk\/index.php\/wp-json\/wp\/v2\/categories?post=3264"},{"taxonomy":"post_tag","embeddable":true,"href":"https:\/\/www.e-anjelik.sk\/index.php\/wp-json\/wp\/v2\/tags?post=3264"}],"curies":[{"name":"wp","href":"https:\/\/api.w.org\/{rel}","templated":true}]}}