{"id":32646,"date":"2019-06-08T20:39:42","date_gmt":"2019-06-08T18:39:42","guid":{"rendered":"http:\/\/e-anjelik.sk\/?p=32646"},"modified":"2019-06-08T20:39:42","modified_gmt":"2019-06-08T18:39:42","slug":"jan-amos-komensky-o-vnutornej-laske-k-duchu-svatemu","status":"publish","type":"post","link":"https:\/\/www.e-anjelik.sk\/index.php\/2019\/06\/08\/jan-amos-komensky-o-vnutornej-laske-k-duchu-svatemu\/","title":{"rendered":"Jan Amos Komensk\u00fd &#8211; O vn\u00fatornej l\u00e1ske k Duchu Sv\u00e4t\u00e9mu"},"content":{"rendered":"\n<p>M\u0155tva ani pokryteck\u00e1<br>\nnech nie je viera moja,<br>\nspiaca alebo historick\u00e1,<br>\nale bdel\u00e1, \u017eiv\u00e1,<br>\nhojnos\u0165 d\u00e1vaj\u00faca<br>\novocia v\u00fdborn\u00e9ho,<br>\n\u00faprimne zo srdca vern\u00e9ho<br>\nvo v\u0161etkom dosta\u010duj\u00faca.<\/p>\n\n\n\n<p>Pritom aj\nmoja n\u00e1dej<br>\nnech pevnou st\u00e1los\u0165ou<br>\npred Tebou v\u017edy sa skvie<br>\nbez akejko\u013evek pochybnosti<br>\nneskladaj\u00fac d\u00fafanie<br>\nvo veci pominute\u013en\u00e9,<br>\nale vo ve\u010dne trvaj\u00face<br>\na v Tvoje zmilovanie.<\/p>\n\n\n\n<p>Regent m\u00f4j\nv\u00fdborn\u00fd,<br>\nbr\u00e1\u0148 a posilni ma s\u00e1m<br>\naby ani \u013e\u00fabezn\u00fd ani odporn\u00fd<br>\nvietor sem ani tam<br>\nmnou nemohol zak\u00fdva\u0165,<br>\nale nech v ka\u017edej dobe<br>\nspolieham sa na Teba,<br>\nr\u00e1\u010d mi pom\u00e1ha\u0165.<\/p>\n","protected":false},"excerpt":{"rendered":"<p>M\u0155tva ani pokryteck\u00e1 nech nie je viera moja, spiaca alebo historick\u00e1, ale bdel\u00e1, \u017eiv\u00e1, hojnos\u0165 d\u00e1vaj\u00faca ovocia v\u00fdborn\u00e9ho, \u00faprimne zo srdca vern\u00e9ho vo v\u0161etkom dosta\u010duj\u00faca. Pritom aj moja n\u00e1dej nech pevnou st\u00e1los\u0165ou pred Tebou v\u017edy sa skvie bez akejko\u013evek pochybnosti neskladaj\u00fac d\u00fafanie vo veci pominute\u013en\u00e9, ale vo ve\u010dne trvaj\u00face a v Tvoje zmilovanie. Regent m\u00f4j &#8230; <a title=\"Jan Amos Komensk\u00fd &#8211; O vn\u00fatornej l\u00e1ske k Duchu Sv\u00e4t\u00e9mu\" class=\"read-more\" href=\"https:\/\/www.e-anjelik.sk\/index.php\/2019\/06\/08\/jan-amos-komensky-o-vnutornej-laske-k-duchu-svatemu\/\" aria-label=\"Pre\u010d\u00edtajte si viac o Jan Amos Komensk\u00fd &#8211; O vn\u00fatornej l\u00e1ske k Duchu Sv\u00e4t\u00e9mu\">\u010c\u00edta\u0165 viac<\/a><\/p>\n","protected":false},"author":3,"featured_media":0,"comment_status":"open","ping_status":"open","sticky":false,"template":"","format":"standard","meta":{"footnotes":""},"categories":[108],"tags":[],"class_list":["post-32646","post","type-post","status-publish","format-standard","hentry","category-svatodusne-sviatky"],"_links":{"self":[{"href":"https:\/\/www.e-anjelik.sk\/index.php\/wp-json\/wp\/v2\/posts\/32646","targetHints":{"allow":["GET"]}}],"collection":[{"href":"https:\/\/www.e-anjelik.sk\/index.php\/wp-json\/wp\/v2\/posts"}],"about":[{"href":"https:\/\/www.e-anjelik.sk\/index.php\/wp-json\/wp\/v2\/types\/post"}],"author":[{"embeddable":true,"href":"https:\/\/www.e-anjelik.sk\/index.php\/wp-json\/wp\/v2\/users\/3"}],"replies":[{"embeddable":true,"href":"https:\/\/www.e-anjelik.sk\/index.php\/wp-json\/wp\/v2\/comments?post=32646"}],"version-history":[{"count":1,"href":"https:\/\/www.e-anjelik.sk\/index.php\/wp-json\/wp\/v2\/posts\/32646\/revisions"}],"predecessor-version":[{"id":32647,"href":"https:\/\/www.e-anjelik.sk\/index.php\/wp-json\/wp\/v2\/posts\/32646\/revisions\/32647"}],"wp:attachment":[{"href":"https:\/\/www.e-anjelik.sk\/index.php\/wp-json\/wp\/v2\/media?parent=32646"}],"wp:term":[{"taxonomy":"category","embeddable":true,"href":"https:\/\/www.e-anjelik.sk\/index.php\/wp-json\/wp\/v2\/categories?post=32646"},{"taxonomy":"post_tag","embeddable":true,"href":"https:\/\/www.e-anjelik.sk\/index.php\/wp-json\/wp\/v2\/tags?post=32646"}],"curies":[{"name":"wp","href":"https:\/\/api.w.org\/{rel}","templated":true}]}}