{"id":32652,"date":"2019-06-10T22:35:41","date_gmt":"2019-06-10T20:35:41","guid":{"rendered":"http:\/\/e-anjelik.sk\/?p=32652"},"modified":"2019-06-18T13:55:20","modified_gmt":"2019-06-18T11:55:20","slug":"za-timotejom-kyselicom","status":"publish","type":"post","link":"https:\/\/www.e-anjelik.sk\/index.php\/2019\/06\/10\/za-timotejom-kyselicom\/","title":{"rendered":"Za Timotejom Kyselicom"},"content":{"rendered":"\n<p><strong>GB\u00da ECAV zverejnil mimoriadne smutn\u00fa spr\u00e1vu. Vyhasol \u017eivot mlad\u00e9ho organistu<\/strong>. Poznali sme ho ako horliv\u00e9ho slu\u017eobn\u00edka CZ v Skalici. Prip\u00e1jame sa k vyslovenej s\u00fastrasti jeho najbli\u017e\u0161\u00edm! <\/p>\n\n\n\n<p> Nech ho osl\u00e1vi P\u00e1n! <\/p>\n\n\n\n<p>Rodine, priate\u013eom a v\u0161etk\u00fdm zn\u00e1mym vyjadrujeme \u00faprimn\u00fa s\u00fastras\u0165 nad tragickou smr\u0165ou mlad\u00e9ho mu\u017ea, Timoteja Kyselicu. 22 ro\u010dn\u00fd organista v CZ ECAV Skalica a milovn\u00edk chr\u00e1movej hudby, pri\u0161iel v\u010dera tragicky o \u017eivot. Kie\u017e d\u00e1 P\u00e1n svoj pokoj a pote\u0161\u00ed tam, kde \u010dlovek nedok\u00e1\u017ee.<\/p>\n\n\n\n<p>Evanjelick\u00fd funeb\u00e1l, piese\u0148 \u010d. 53&nbsp;<\/p>\n\n\n\n<p>Okolo n\u00e1s sm\u00fatok vanie, srdce \u017ealost\u00ed,<\/p>\n\n\n\n<p>v\u00edchor smrti zhasil n\u00e1hle roky mladosti, roky mladosti.<\/p>\n\n\n\n<p>Kto vie ch\u00e1pa\u0165 \u013eudsk\u00e9 b\u00f4le, slzy usu\u0161\u00ed,<\/p>\n\n\n\n<p>kto vysvetl\u00ed smutn\u00fd \u00fadel zranenej du\u0161i, zranenej du\u0161i?<\/p>\n\n\n\n<p>Bez Bo\u017eieho pote\u0161enia sme len sm\u00fatiaci,<\/p>\n\n\n\n<p>iba trpk\u00e1 slza \u017eia\u013eu stek\u00e1 po l\u00edci, stek\u00e1 po l\u00edci.<\/p>\n\n\n\n<p>Len Ty, Pane milostiv\u00fd, slovom pote\u0161\u00ed\u0161,<\/p>\n\n\n\n<p>u Teba je prame\u0148 sily, Kriste Je\u017ei\u0161i, Kriste Je\u017ei\u0161i.<\/p>\n\n\n\n<p>V Tvojej l\u00e1ske \u017eiv\u00ed \u2013 m\u0155tvi n\u00e1jdu z\u00e1\u0161titu,<\/p>\n\n\n\n<p>iba v Tvojej drahej krvi cestu k \u017eivotu, cestu k \u017eivotu.<\/p>\n","protected":false},"excerpt":{"rendered":"<p>GB\u00da ECAV zverejnil mimoriadne smutn\u00fa spr\u00e1vu. Vyhasol \u017eivot mlad\u00e9ho organistu. Poznali sme ho ako horliv\u00e9ho slu\u017eobn\u00edka CZ v Skalici. Prip\u00e1jame sa k vyslovenej s\u00fastrasti jeho najbli\u017e\u0161\u00edm! Nech ho osl\u00e1vi P\u00e1n! Rodine, priate\u013eom a v\u0161etk\u00fdm zn\u00e1mym vyjadrujeme \u00faprimn\u00fa s\u00fastras\u0165 nad tragickou smr\u0165ou mlad\u00e9ho mu\u017ea, Timoteja Kyselicu. 22 ro\u010dn\u00fd organista v CZ ECAV Skalica a milovn\u00edk chr\u00e1movej &#8230; <a title=\"Za Timotejom Kyselicom\" class=\"read-more\" href=\"https:\/\/www.e-anjelik.sk\/index.php\/2019\/06\/10\/za-timotejom-kyselicom\/\" aria-label=\"Pre\u010d\u00edtajte si viac o Za Timotejom Kyselicom\">\u010c\u00edta\u0165 viac<\/a><\/p>\n","protected":false},"author":4,"featured_media":0,"comment_status":"open","ping_status":"open","sticky":false,"template":"","format":"standard","meta":{"footnotes":""},"categories":[1],"tags":[],"class_list":["post-32652","post","type-post","status-publish","format-standard","hentry","category-adventna-modlitba"],"_links":{"self":[{"href":"https:\/\/www.e-anjelik.sk\/index.php\/wp-json\/wp\/v2\/posts\/32652","targetHints":{"allow":["GET"]}}],"collection":[{"href":"https:\/\/www.e-anjelik.sk\/index.php\/wp-json\/wp\/v2\/posts"}],"about":[{"href":"https:\/\/www.e-anjelik.sk\/index.php\/wp-json\/wp\/v2\/types\/post"}],"author":[{"embeddable":true,"href":"https:\/\/www.e-anjelik.sk\/index.php\/wp-json\/wp\/v2\/users\/4"}],"replies":[{"embeddable":true,"href":"https:\/\/www.e-anjelik.sk\/index.php\/wp-json\/wp\/v2\/comments?post=32652"}],"version-history":[{"count":1,"href":"https:\/\/www.e-anjelik.sk\/index.php\/wp-json\/wp\/v2\/posts\/32652\/revisions"}],"predecessor-version":[{"id":32653,"href":"https:\/\/www.e-anjelik.sk\/index.php\/wp-json\/wp\/v2\/posts\/32652\/revisions\/32653"}],"wp:attachment":[{"href":"https:\/\/www.e-anjelik.sk\/index.php\/wp-json\/wp\/v2\/media?parent=32652"}],"wp:term":[{"taxonomy":"category","embeddable":true,"href":"https:\/\/www.e-anjelik.sk\/index.php\/wp-json\/wp\/v2\/categories?post=32652"},{"taxonomy":"post_tag","embeddable":true,"href":"https:\/\/www.e-anjelik.sk\/index.php\/wp-json\/wp\/v2\/tags?post=32652"}],"curies":[{"name":"wp","href":"https:\/\/api.w.org\/{rel}","templated":true}]}}