{"id":3266,"date":"2010-12-27T09:15:42","date_gmt":"2010-12-27T09:15:42","guid":{"rendered":"http:\/\/e-anjelik.sk\/?p=3266"},"modified":"2010-12-27T09:15:42","modified_gmt":"2010-12-27T09:15:42","slug":"farar-vo-svedsku-zmeskal-vianocnu-rannu-bohosluzbu","status":"publish","type":"post","link":"https:\/\/www.e-anjelik.sk\/index.php\/2010\/12\/27\/farar-vo-svedsku-zmeskal-vianocnu-rannu-bohosluzbu\/","title":{"rendered":"Far\u00e1r vo \u0160v\u00e9dsku  zme\u0161kal viano\u010dn\u00fa rann\u00fa bohoslu\u017ebu"},"content":{"rendered":"<p>Darmo 500 nav&scaron;tevn&iacute;kov rannej viano\u010dnej bohoslu\u017eby v katedr&aacute;le v Lulea \u010dakalo na zborov&eacute;ho far&aacute;ra. Nepri&scaron;iel. Preto dozorca,organista a spev&aacute;ci sa rozhodli kona\u0165.Spievali a hrali aj bez neho. Far&aacute;r nakoniec sa objavil po bohoslu\u017ebe,ke\u010f sa pila k&aacute;va a ospravedlnil sa, \u017ee zaspal a r&aacute;diobud&iacute;k ho nezobudil. Vraj, cirkevn&iacute;ci ho zato neodsudzovali a on pre tla\u010d povedal, \u017ee e&scaron;te nikdy predt&yacute;m nebol tak&yacute; mil&yacute; pri rozhovoroch s \u013eu\u010fmi. Far&aacute;r sa vol&aacute; Stefan Widman.<\/p>\n<p>(<a href=\"http:\/\/www.dagen.se\">www.dagen.se<\/a>)<\/p>\n","protected":false},"excerpt":{"rendered":"<p>Darmo 500 nav&scaron;tevn&iacute;kov rannej viano\u010dnej bohoslu\u017eby v katedr&aacute;le v Lulea \u010dakalo na zborov&eacute;ho far&aacute;ra. Nepri&scaron;iel. Preto dozorca,organista a spev&aacute;ci sa rozhodli kona\u0165.Spievali a hrali aj bez neho. Far&aacute;r nakoniec sa objavil po bohoslu\u017ebe,ke\u010f sa pila k&aacute;va a ospravedlnil sa, \u017ee zaspal a r&aacute;diobud&iacute;k ho nezobudil. Vraj, cirkevn&iacute;ci ho zato neodsudzovali a on pre tla\u010d povedal, &#8230; <a title=\"Far\u00e1r vo \u0160v\u00e9dsku  zme\u0161kal viano\u010dn\u00fa rann\u00fa bohoslu\u017ebu\" class=\"read-more\" href=\"https:\/\/www.e-anjelik.sk\/index.php\/2010\/12\/27\/farar-vo-svedsku-zmeskal-vianocnu-rannu-bohosluzbu\/\" aria-label=\"Pre\u010d\u00edtajte si viac o Far\u00e1r vo \u0160v\u00e9dsku  zme\u0161kal viano\u010dn\u00fa rann\u00fa bohoslu\u017ebu\">\u010c\u00edta\u0165 viac<\/a><\/p>\n","protected":false},"author":22,"featured_media":0,"comment_status":"open","ping_status":"open","sticky":false,"template":"","format":"standard","meta":{"footnotes":""},"categories":[159],"tags":[249],"class_list":["post-3266","post","type-post","status-publish","format-standard","hentry","category-vianoce","tag-bohosluzby"],"_links":{"self":[{"href":"https:\/\/www.e-anjelik.sk\/index.php\/wp-json\/wp\/v2\/posts\/3266","targetHints":{"allow":["GET"]}}],"collection":[{"href":"https:\/\/www.e-anjelik.sk\/index.php\/wp-json\/wp\/v2\/posts"}],"about":[{"href":"https:\/\/www.e-anjelik.sk\/index.php\/wp-json\/wp\/v2\/types\/post"}],"author":[{"embeddable":true,"href":"https:\/\/www.e-anjelik.sk\/index.php\/wp-json\/wp\/v2\/users\/22"}],"replies":[{"embeddable":true,"href":"https:\/\/www.e-anjelik.sk\/index.php\/wp-json\/wp\/v2\/comments?post=3266"}],"version-history":[{"count":0,"href":"https:\/\/www.e-anjelik.sk\/index.php\/wp-json\/wp\/v2\/posts\/3266\/revisions"}],"wp:attachment":[{"href":"https:\/\/www.e-anjelik.sk\/index.php\/wp-json\/wp\/v2\/media?parent=3266"}],"wp:term":[{"taxonomy":"category","embeddable":true,"href":"https:\/\/www.e-anjelik.sk\/index.php\/wp-json\/wp\/v2\/categories?post=3266"},{"taxonomy":"post_tag","embeddable":true,"href":"https:\/\/www.e-anjelik.sk\/index.php\/wp-json\/wp\/v2\/tags?post=3266"}],"curies":[{"name":"wp","href":"https:\/\/api.w.org\/{rel}","templated":true}]}}