{"id":32684,"date":"2019-06-21T12:19:51","date_gmt":"2019-06-21T10:19:51","guid":{"rendered":"http:\/\/e-anjelik.sk\/?p=32684"},"modified":"2019-06-21T12:19:51","modified_gmt":"2019-06-21T10:19:51","slug":"synoda-ecav-2019","status":"publish","type":"post","link":"https:\/\/www.e-anjelik.sk\/index.php\/2019\/06\/21\/synoda-ecav-2019\/","title":{"rendered":"Synoda  ECAV 2019"},"content":{"rendered":"\n<h2 class=\"wp-block-heading\">Synoda 2019 sa bl\u00ed\u017ei<\/h2>\n\n\n\n<figure class=\"wp-block-image\"><a href=\"http:\/\/www.ecav.sk\/pictures\/text_images\/data_8886.jpg\" target=\"_blank\" rel=\"noreferrer noopener\"><img decoding=\"async\" src=\"http:\/\/www.ecav.sk\/pictures\/text_images\/data_8886_big.jpg\" alt=\"\"\/><\/a><\/figure>\n\n\n\n<p>Synoda je z\u00e1konodarn\u00fdm a najvy\u0161\u0161\u00edm org\u00e1nom ECAV na Slovensku a zasad\u00e1 minim\u00e1lne raz ro\u010dne. Tento rok sa synod\u00e1li stretn\u00fa v Pre\u0161ove od 21.6.- 22.6.2019.\t<\/p>\n\n\n\n<p>Synodu tvor\u00ed predsedn\u00edctvo cirkvi (gener\u00e1lny biskup a gener\u00e1lny dozorca), \u010dlenovia predsedn\u00edctiev di\u0161triktov, \u010dlenovia predsedn\u00edctiev senior\u00e1tov, gener\u00e1lny pr\u00e1vny z\u00e1stupca, z\u00e1stupca Evanjelickej bohosloveckej fakulty UK a deleg\u00e1ti senior\u00e1tov: ka\u017ed\u00fd senior\u00e1t vol\u00ed dvoch deleg\u00e1tov (jedn\u00e9ho ordinovan\u00e9ho a jedn\u00e9ho neordinovan\u00e9ho)&nbsp;<br><br>Synoda si zo svojich \u010dlenov vol\u00ed \u0161tvor\u010dlenn\u00e9 predsedn\u00edctvo: predsedu a podpredsedu za ordinovan\u00fdch, predsedu a podpredsedu za neordinovan\u00fdch, pri\u010dom musia by\u0165 rovnako zast\u00fapen\u00e9 oba di\u0161trikty.&nbsp;<br><br>Synoda pod\u013ea cirkevnej \u00fastavy prij\u00edma z\u00e1sadn\u00e9 opatrenia na zabezpe\u010denie duchovn\u00e9ho a mravno-n\u00e1bo\u017eensk\u00e9ho \u017eivota cirkvi, pln\u00ed funkciu z\u00e1konodarn\u00e9ho org\u00e1nu, rozhoduje o organiza\u010dn\u00fdch a hospod\u00e1rskych z\u00e1le\u017eitostiach cirkvi, schva\u013euje rozpo\u010det a \u00fa\u010dtovn\u00fa z\u00e1vierku, schva\u013euje spr\u00e1vu o \u010dinnosti gener\u00e1lneho presbyterstva, predsedn\u00edctva cirkvi, Zboru biskupov ECAV a poradn\u00fdch v\u00fdborov ECAV, zria\u010fuje a ru\u0161\u00ed celocirkevn\u00e9 \u00fa\u010delov\u00e9 zariadenia, vol\u00ed a odvol\u00e1va \u010dlenov gener\u00e1lneho presbyterstva a predstavite\u013eov r\u00f4znych riadiacich org\u00e1nov cirkvi a zauj\u00edma stanovisk\u00e1 k ot\u00e1zkam verejn\u00e9ho \u017eivota.&nbsp;<br><br>Slovo synoda poch\u00e1dza z gr\u00e9\u010dtiny. Do roku 1536 to bolo vy\u0161\u0161ie cirkevn\u00e9 zhroma\u017edenie, ktor\u00e9 sa sch\u00e1dzalo na rie\u0161enie aktu\u00e1lnych n\u00e1bo\u017eensko- cirkevn\u00fdch probl\u00e9mov. Prv\u00e1 tak\u00e1to synoda sa uskuto\u010dnila v Kremnici v roku 1536.&nbsp;<br>Od roku 1610 je to z\u00e1konodarn\u00fd org\u00e1n evanjelickej cirkvi. Prv\u00e1 hornouhorsk\u00e1 z\u00e1konodarn\u00e1 synoda sa konala v roku 1610 v \u017diline, spi\u0161sko-podhradsk\u00e1 synoda 1614, gener\u00e1lna synoda v Prievidzi 1620, druh\u00e1 hornouhorsk\u00e1 synoda 1704 v Cerove, tretia v roku 1707 v Ru\u017eomberku, \u0161tvrt\u00e1 1791 v Pe\u0161ti a piata v roku 1891 v Budape\u0161ti. Do roku 1918 sa konalo p\u00e4\u0165 z\u00e1konodarn\u00fdch synod.&nbsp;<br>Od roku 1993 je Synoda pod\u013ea \u00dastavy ECAV na Slovensku z\u00e1konodarn\u00fd a najvy\u0161\u0161\u00ed org\u00e1n ECAV na Slovensku.<\/p>\n","protected":false},"excerpt":{"rendered":"<p>Synoda 2019 sa bl\u00ed\u017ei Synoda je z\u00e1konodarn\u00fdm a najvy\u0161\u0161\u00edm org\u00e1nom ECAV na Slovensku a zasad\u00e1 minim\u00e1lne raz ro\u010dne. Tento rok sa synod\u00e1li stretn\u00fa v Pre\u0161ove od 21.6.- 22.6.2019. Synodu tvor\u00ed predsedn\u00edctvo cirkvi (gener\u00e1lny biskup a gener\u00e1lny dozorca), \u010dlenovia predsedn\u00edctiev di\u0161triktov, \u010dlenovia predsedn\u00edctiev senior\u00e1tov, gener\u00e1lny pr\u00e1vny z\u00e1stupca, z\u00e1stupca Evanjelickej bohosloveckej fakulty UK a deleg\u00e1ti senior\u00e1tov: ka\u017ed\u00fd &#8230; <a title=\"Synoda  ECAV 2019\" class=\"read-more\" href=\"https:\/\/www.e-anjelik.sk\/index.php\/2019\/06\/21\/synoda-ecav-2019\/\" aria-label=\"Pre\u010d\u00edtajte si viac o Synoda  ECAV 2019\">\u010c\u00edta\u0165 viac<\/a><\/p>\n","protected":false},"author":4,"featured_media":0,"comment_status":"open","ping_status":"open","sticky":false,"template":"","format":"standard","meta":{"footnotes":""},"categories":[1],"tags":[],"class_list":["post-32684","post","type-post","status-publish","format-standard","hentry","category-adventna-modlitba"],"_links":{"self":[{"href":"https:\/\/www.e-anjelik.sk\/index.php\/wp-json\/wp\/v2\/posts\/32684","targetHints":{"allow":["GET"]}}],"collection":[{"href":"https:\/\/www.e-anjelik.sk\/index.php\/wp-json\/wp\/v2\/posts"}],"about":[{"href":"https:\/\/www.e-anjelik.sk\/index.php\/wp-json\/wp\/v2\/types\/post"}],"author":[{"embeddable":true,"href":"https:\/\/www.e-anjelik.sk\/index.php\/wp-json\/wp\/v2\/users\/4"}],"replies":[{"embeddable":true,"href":"https:\/\/www.e-anjelik.sk\/index.php\/wp-json\/wp\/v2\/comments?post=32684"}],"version-history":[{"count":2,"href":"https:\/\/www.e-anjelik.sk\/index.php\/wp-json\/wp\/v2\/posts\/32684\/revisions"}],"predecessor-version":[{"id":32691,"href":"https:\/\/www.e-anjelik.sk\/index.php\/wp-json\/wp\/v2\/posts\/32684\/revisions\/32691"}],"wp:attachment":[{"href":"https:\/\/www.e-anjelik.sk\/index.php\/wp-json\/wp\/v2\/media?parent=32684"}],"wp:term":[{"taxonomy":"category","embeddable":true,"href":"https:\/\/www.e-anjelik.sk\/index.php\/wp-json\/wp\/v2\/categories?post=32684"},{"taxonomy":"post_tag","embeddable":true,"href":"https:\/\/www.e-anjelik.sk\/index.php\/wp-json\/wp\/v2\/tags?post=32684"}],"curies":[{"name":"wp","href":"https:\/\/api.w.org\/{rel}","templated":true}]}}