{"id":32686,"date":"2019-06-21T12:25:51","date_gmt":"2019-06-21T10:25:51","guid":{"rendered":"http:\/\/e-anjelik.sk\/?p=32686"},"modified":"2019-06-21T12:25:51","modified_gmt":"2019-06-21T10:25:51","slug":"modlili-sa-za-prezidentku","status":"publish","type":"post","link":"https:\/\/www.e-anjelik.sk\/index.php\/2019\/06\/21\/modlili-sa-za-prezidentku\/","title":{"rendered":"Modlili sa za prezidentku"},"content":{"rendered":"\n<h2 class=\"wp-block-heading\">Modlili sa za nov\u00fa prezidentku<\/h2>\n\n\n\n<figure class=\"wp-block-image\"><a href=\"http:\/\/www.ecav.sk\/pictures\/text_images\/data_8875.jpg\" target=\"_blank\" rel=\"noreferrer noopener\"><img decoding=\"async\" src=\"http:\/\/www.ecav.sk\/pictures\/text_images\/data_8875_big.jpg\" alt=\"\"\/><\/a><\/figure>\n\n\n\n<p>Pri pr\u00edle\u017eitosti inaugur\u00e1cie prezidentky Slovenskej republiky sa v Katedr\u00e1le sv. Martina v Bratislave uskuto\u010dnilo sl\u00e1vnostn\u00e9 Te Deum. 15. j\u00fana 2019 sa na ekumenickej bohoslu\u017ebe slova modlili za Zuzanu \u010caputov\u00fa aj predstavitelia Evanjelickej cirkvi na Slovensku.\t<\/p>\n\n\n\n<p>Po prezidentsk\u00fdch fanf\u00e1rach znelo katedr\u00e1lou Jubilate Deo v podan\u00ed Katedr\u00e1lneho zboru sv. Martina, pod veden\u00edm dirigenta J\u00e1na Mi\u0161kovi\u010da. Na organe po\u010das celej bohoslu\u017eby hral Marek \u0160trb\u00e1k.<br>Modlitbu za prezidentku predniesol bratislavsk\u00fd eparcha Mons. Peter Rusn\u00e1k. Biskup reformovanej kres\u0165anskej cirkvi L\u00e1szl\u00f3 Fazekas predniesol \u010d\u00edtanie z Prvej knihy kr\u00e1\u013eov, tretej kapitoly. Pravosl\u00e1vny biskup metropolita Rastislav predniesol po responz\u00f3riovom \u017ealme a Alelujovom speve \u010d\u00edtanie z Evanjelia pod\u013ea Mat\u00fa\u0161a. Potom u\u017e nasledovali pr\u00edhovory.&nbsp;<br>Na za\u010diatku sa zhroma\u017edeniu aj novej prezidentke prihovoril predsedaj\u00faci bohoslu\u017eby Mons. Stanislav Zvolensk\u00fd, bratislavsk\u00fd arcibiskup. Potom nasledoval pr\u00edhovor Ivana E\u013eka. Vystupoval ako predseda Ekumenickej rady cirkv\u00ed a tie\u017e gener\u00e1lny biskup Evanjelickej cirkvi augsbursk\u00e9ho vyznania. \u010coskoro v\u00e1m pon\u00fakneme pln\u00e9 znenie pr\u00edhovoru.&nbsp;<br>Po gener\u00e1lnom biskupovi ECAV mal pr\u00edhovor aj Igor Rintel, podpredseda \u00dastredn\u00e9ho zv\u00e4zu \u017eidovsk\u00fdch a n\u00e1bo\u017eensk\u00fdch obc\u00ed v Slovenskej republike. Po chv\u00edli ticha predniesli prosby predstavitelia r\u00f4znych kres\u0165ansk\u00fdch cirkv\u00ed. Ako prv\u00e1 znela prosba Slavom\u00edra Sabola biskupa VD ECAV:&nbsp;<br><br>Pane, pros\u00edme \u0165a za na\u0161u nov\u00fa prezidentku,<br>aby s&nbsp;re\u0161pektom spolupracovala so v\u0161etk\u00fdmi,<br>ktor\u00ed v&nbsp;na\u0161ej krajine bojuj\u00fa za pr\u00e1va najslab\u0161\u00edch<br>a&nbsp;urobil v\u0161etko potrebn\u00e9 pre zachovanie kult\u00farnych, duchovn\u00fdch<br>a&nbsp;mor\u00e1lnych hodn\u00f4t n\u00e1\u0161ho n\u00e1roda.<br><br>Bohoslu\u017eby ukon\u010dilo \u00c1ronovsk\u00e9 po\u017eehnanie v podan\u00ed Ivana E\u013eka, ktor\u00e9 ako bodka mocne zaznelo katedr\u00e1lou.<br><br>Foto: Peter Zimen\t<\/p>\n\n\n\n<p>Jana Nunv\u00e1\u0159ov\u00e1, tla\u010dov\u00e1 tajomn\u00ed\u010dka&nbsp;|&nbsp;17.6.2019<\/p>\n\n\n\n<p><\/p>\n","protected":false},"excerpt":{"rendered":"<p>Modlili sa za nov\u00fa prezidentku Pri pr\u00edle\u017eitosti inaugur\u00e1cie prezidentky Slovenskej republiky sa v Katedr\u00e1le sv. Martina v Bratislave uskuto\u010dnilo sl\u00e1vnostn\u00e9 Te Deum. 15. j\u00fana 2019 sa na ekumenickej bohoslu\u017ebe slova modlili za Zuzanu \u010caputov\u00fa aj predstavitelia Evanjelickej cirkvi na Slovensku. Po prezidentsk\u00fdch fanf\u00e1rach znelo katedr\u00e1lou Jubilate Deo v podan\u00ed Katedr\u00e1lneho zboru sv. Martina, pod veden\u00edm &#8230; <a title=\"Modlili sa za prezidentku\" class=\"read-more\" href=\"https:\/\/www.e-anjelik.sk\/index.php\/2019\/06\/21\/modlili-sa-za-prezidentku\/\" aria-label=\"Pre\u010d\u00edtajte si viac o Modlili sa za prezidentku\">\u010c\u00edta\u0165 viac<\/a><\/p>\n","protected":false},"author":4,"featured_media":0,"comment_status":"open","ping_status":"open","sticky":false,"template":"","format":"standard","meta":{"footnotes":""},"categories":[1],"tags":[],"class_list":["post-32686","post","type-post","status-publish","format-standard","hentry","category-adventna-modlitba"],"_links":{"self":[{"href":"https:\/\/www.e-anjelik.sk\/index.php\/wp-json\/wp\/v2\/posts\/32686","targetHints":{"allow":["GET"]}}],"collection":[{"href":"https:\/\/www.e-anjelik.sk\/index.php\/wp-json\/wp\/v2\/posts"}],"about":[{"href":"https:\/\/www.e-anjelik.sk\/index.php\/wp-json\/wp\/v2\/types\/post"}],"author":[{"embeddable":true,"href":"https:\/\/www.e-anjelik.sk\/index.php\/wp-json\/wp\/v2\/users\/4"}],"replies":[{"embeddable":true,"href":"https:\/\/www.e-anjelik.sk\/index.php\/wp-json\/wp\/v2\/comments?post=32686"}],"version-history":[{"count":1,"href":"https:\/\/www.e-anjelik.sk\/index.php\/wp-json\/wp\/v2\/posts\/32686\/revisions"}],"predecessor-version":[{"id":32687,"href":"https:\/\/www.e-anjelik.sk\/index.php\/wp-json\/wp\/v2\/posts\/32686\/revisions\/32687"}],"wp:attachment":[{"href":"https:\/\/www.e-anjelik.sk\/index.php\/wp-json\/wp\/v2\/media?parent=32686"}],"wp:term":[{"taxonomy":"category","embeddable":true,"href":"https:\/\/www.e-anjelik.sk\/index.php\/wp-json\/wp\/v2\/categories?post=32686"},{"taxonomy":"post_tag","embeddable":true,"href":"https:\/\/www.e-anjelik.sk\/index.php\/wp-json\/wp\/v2\/tags?post=32686"}],"curies":[{"name":"wp","href":"https:\/\/api.w.org\/{rel}","templated":true}]}}