{"id":32688,"date":"2019-06-21T12:33:53","date_gmt":"2019-06-21T10:33:53","guid":{"rendered":"http:\/\/e-anjelik.sk\/?p=32688"},"modified":"2019-06-21T12:33:53","modified_gmt":"2019-06-21T10:33:53","slug":"prihovor-pri-inauguracii-prezidentky","status":"publish","type":"post","link":"https:\/\/www.e-anjelik.sk\/index.php\/2019\/06\/21\/prihovor-pri-inauguracii-prezidentky\/","title":{"rendered":"Pr\u00edhovor pri inaugur\u00e1cii prezidentky"},"content":{"rendered":"\n<p>Pr\u00edhovor. gen.biskupa ECAV  predsede ERC v SR pri inaugur\u00e1cii novej prezidentky v D\u00f3me sv.Martina<\/p>\n\n\n\n<h2 class=\"wp-block-heading\">Pr\u00edhovor pri pr\u00edle\u017eitosti inaugur\u00e1cie prezidentky<\/h2>\n\n\n\n<figure class=\"wp-block-image\"><a href=\"http:\/\/www.ecav.sk\/pictures\/text_images\/data_8876.jpg\" target=\"_blank\" rel=\"noreferrer noopener\"><img decoding=\"async\" src=\"http:\/\/www.ecav.sk\/pictures\/text_images\/data_8876_big.jpg\" alt=\"\"\/><\/a><\/figure>\n\n\n\n<p>Pon\u00fakame v\u00e1m presn\u00e9 znenie prihovoru gener\u00e1lneho biskupa ECAV Ivana E\u013eka, ktor\u00fd predniesol pri pr\u00edle\u017eitosti inaugur\u00e1cie prezidentky v Katedr\u00e1le sv. Martina v Bratislave, 15.6.2019.&nbsp;<\/p>\n\n\n\n<p>Va\u0161a Excelencia, cten\u00e1 pani prezidentka Zuzana \u010caputov\u00e1 a Va\u0161i milovan\u00ed,<br>v\u00e1\u017een\u00ed predstavitelia politick\u00e9ho, diplomatick\u00e9ho a verejn\u00e9ho \u017eivota,<br>predstavitelia cirkv\u00ed a n\u00e1bo\u017eensk\u00fdch spolo\u010dnost\u00ed,<br>hostia tejto sl\u00e1vnostnej bohoslu\u017eby Te Deum,<br>mil\u00ed telev\u00edzni div\u00e1ci, priatelia,<br><br>hovori\u0165 v tejto chv\u00edli: na jednej strane ako predseda Ekumenickej rady cirkv\u00ed na Slovensku a na druhej strane ako gener\u00e1lny biskup Evanjelickej cirkvi augsbursk\u00e9ho vyznania na Slovensku. A nedok\u00e1\u017eem sa odosobni\u0165 ani od poz\u00edcie radov\u00e9ho ob\u010dana n\u00e1\u0161ho \u0161t\u00e1tu, a napokon aniod poz\u00edcie kres\u0165ana, ktor\u00fd v tomto \u00fachvatnom i rozporuplnom svete \u017eije svoju vieru.<br>Nechcem v tejto chv\u00edli vyslovova\u0165 nejak\u00fa politicky \u0161tylizovan\u00fa m\u00fadros\u0165. Som evanjelick\u00fd duchovn\u00fd, zaober\u00e1m sa Bo\u017e\u00edm Slovom, vyklad\u00e1m ho a predklad\u00e1m jeho posolstv\u00e1 posluch\u00e1\u010dom. Pokorne sa o to pok\u00fasim i teraz, pred Vami a Vo\u010di V\u00e1m, cten\u00e1 pani prezidentka, i pred t\u00fdmto sl\u00e1vnostn\u00fdm a reprezentat\u00edvnym zhroma\u017eden\u00edm.<br>Biblia nie je knihou teoretick\u00fdch a izolovan\u00fdch n\u00e1bo\u017eensk\u00fdch \u00favah a pou\u010diek. Je predov\u0161etk\u00fdm knihou pr\u00edbehov. Pr\u00edbehov re\u00e1lnych \u013eud\u00ed z re\u00e1lneho sveta, ve\u010f aj Boh je re\u00e1lny. Biblick\u00e9 postavy Ho za\u017e\u00edvaj\u00fa \u2013 odmietaj\u00fa\u010di prij\u00edmaj\u00fa \u2013 vo svojich re\u00e1lnych \u017eivotoch a tel\u00e1ch. Pritom vypl\u00e1va na povrch nie\u010do d\u00f4le\u017eit\u00e9 z ich vlastnej existencie. Pr\u00e1ve to vn\u00edmame ako \u017eiv\u00fd odkaz Bo\u017eieho Slova pre n\u00e1s dnes.<br>Okrem toho, \u017ee je Biblia pln\u00e1 pr\u00edbehov \u013eud\u00ed, je aj pln\u00e1 t\u00e9m. T\u00e9ma politickej moci, vodcovstva, svetsk\u00e9ho panovania, nie je s\u00edce \u00fastrednou, ale je predsa len d\u00f4le\u017eitou t\u00e9mou Biblie. Mnoh\u00e9 postavy Biblie, ktor\u00e9 s\u00fa s Bohom konfrontovan\u00e9,s\u00fa s N\u00edm konfrontovan\u00e9 pr\u00e1ve v poz\u00edcii vodcov, autor\u00edt, \u0161t\u00e1tnikov.&nbsp;<br>Cten\u00e1 pani prezidentka, dovol\u00edm si pre t\u00fato chv\u00ed\u013eu vybra\u0165 tri pr\u00edbehy biblick\u00fdch politick\u00fdch vodcov. S\u00fa v nie\u010dom archetyp\u00e1lne, modelov\u00e9. A u\u017e popredu upozor\u0148ujem, \u017ee s\u00fa negat\u00edvne. \u017dia\u013e, nevybral som pr\u00edbeh \u017eeny, stato\u010dnej Debory, ten je pozit\u00edvny a kr\u00e1sny. No nebola to z mojej strany zlomyse\u013enos\u0165. Mo\u017eno pr\u00e1ve na negat\u00edvnom pozad\u00ed t\u00fdchto pr\u00edbehov bude zrete\u013enej\u0161ie, \u010do je to to dobr\u00e9, po \u010dom ako \u013eudia t\u00fa\u017eime ke\u010f sa vyjadrujeme o autorit\u00e1ch, vodcoch a politikoch, \u00e1no, po \u010dom t\u00fa\u017eime, ke\u010f prem\u00fd\u0161\u013eame o Va\u0161ej misii, ktor\u00e1 sa dnes za\u010d\u00edna.<br>Prv\u00fdm pr\u00edbehom je pr\u00edbeh v\u00f4bec prv\u00e9ho kr\u00e1\u013ea Bo\u017eieho \u013eudu Izrael, Saula. Saul je najsk\u00f4r neverejne, prorokom Samuelom, ustanoven\u00fd za kr\u00e1\u013ea nad Izraelom. Prij\u00edma to. Ke\u010f sa potom kon\u00e1 e\u0161te \u010fal\u0161\u00ed, verejn\u00fd v\u00fdber kr\u00e1\u013ea a v\u0161etko ukazuje na to, \u017ee kr\u00e1\u013eom je skuto\u010dne Saul, Saul ute\u010die a skryje sa. \u010coho modelom je tu Saul? Je modelom vodcu, ktor\u00fd, prijme poverenie k verejn\u00e9mu \u00fa\u010dinkovaniu, ale z\u00e1rove\u0148 pred n\u00edm utek\u00e1 \u2013 i v obraznom, i v doslovnom zmysle. Vedomie tr\u00f3nu,vedomie postavenia mu akosi sta\u010d\u00ed. Prebratie plnej zodpovednosti za svoje rozhodnutia, to mu ch\u00fdba. Ocit\u00e1 sa v panike.<br>Druh\u00fdm pr\u00edbehom je pr\u00edbeh izraelsk\u00e9ho kr\u00e1\u013ea Rechabe\u00e1ma. Bol synom kr\u00e1\u013ea\u0160alam\u00fana, za ktor\u00e9ho Izrael dosiahol najv\u00e4\u010d\u0161\u00ed rozkvet. Hne\u010f po zasadnut\u00ed na tr\u00f3n \u010del\u00ed Rechabe\u00e1m prvej v\u00fdzve. Deleg\u00e1cia \u013eudu ho ako panovn\u00edka pros\u00ed o zmiernenie tvrd\u00fdch podmienok pre \u017eivot. Odpoved\u00e1 cynicky: Ak ste mali podmienky \u0165a\u017ek\u00e9, za m\u0148a ich budete ma\u0165 e\u0161te \u0165a\u017e\u0161ie! Vznik\u00e1 masov\u00e1 revolta a kr\u00e1\u013eovstvo Izrael sa rozpad\u00e1. \u010coho modelom je Rechabe\u00e1m?&nbsp;<br>Je modelom vodcu, u ktor\u00e9ho do seba zapadn\u00fa dve zlovestn\u00e9 ozuben\u00e9 kolieska: opojenie samotnou mocou a tvrdos\u0165 vlastn\u00e9ho srdca. T\u00e1to kombin\u00e1cia je nebezpe\u010dn\u00e1 v\u00fdbu\u0161n\u00e1 zmes.<br>Tret\u00edm pr\u00edbehom je pr\u00edbeh galilejsk\u00e9ho kr\u00e1\u013ea Herodesa Antipasa. Jeho otec Herodes Ve\u013ek\u00fd bol ten, za ktor\u00e9ho panovania sa narodil Je\u017ei\u0161. Herodes Antipas je zasa ten, pred ktor\u00e9ho prived\u00fa Je\u017ei\u0161a ako dospel\u00e9ho mu\u017ea, sp\u00fatan\u00e9ho, obvinen\u00e9ho t\u00fdmi naj\u0165a\u017e\u0161\u00edmi obvineniami. Herodes sa spr\u00e1va ako pr\u00e1zdny \u010dlovek, ktor\u00fd Je\u017ei\u0161a vn\u00edma ako rozpt\u00fdlenie svojej nudy. Chce od Neho vykonanie z\u00e1zraku, potom sa Mu posmieva, d\u00e1 Ho obliec\u0165 ako kr\u00e1\u013ea a vyhod\u00ed pre\u010d. \u010coho modelom je Herodes? Je modelom vodcu, ktor\u00fd je \u00faplne pr\u00e1zdny, nem\u00e1 nikomu \u010do da\u0165, a s\u00fastred\u00ed sa u\u017e iba na m\u00e1rnomyse\u013en\u00e9 u\u017e\u00edvanie si postavenia a prepychu. Jeho politika sa vy\u010derp\u00e1va v po\u017e\u00edva\u010dnom obr\u00e1ten\u00ed sa k sebe sam\u00e9mu.<br>Cten\u00e1 pani prezidentka, neprezrad\u00edm \u017eiadne tajomstvo ke\u010f poviem, \u017ee na\u0161e milovan\u00e9 Slovensko je komunitou piatich mili\u00f3nov hrie\u0161nych \u013eud\u00ed. Dobre o svojich chyb\u00e1ch vieme. Napriek tomu spoza tejto osobnej sivej clony vieme h\u013eadie\u0165 k ide\u00e1lu, vieme o \u0148om sn\u00edva\u0165 a predstavova\u0165 si ho. Vzhliadame aj k politick\u00e9mu ide\u00e1lu. Vzhliadame aj k prezidentovi a t\u00fa\u017eime, aby ide\u00e1l ak nie priamo steles\u0148oval, tak aspo\u0148 pribli\u017eoval. Takto bude mno\u017estvo \u013eud\u00ed denne sledova\u0165 aj V\u00e1s, ver\u00edme, \u017ee v\u00e4\u010d\u0161ina z nich prajne, vzhliada\u0165 ku V\u00e1m ako k autorite, ktor\u00e1 by mala vyjadrova\u0165 to najlep\u0161ie, po \u010dom \u010dlovek vo verejnom, politickom \u017eivote t\u00fa\u017ei.<br><br>\u017del\u00e1me V\u00e1m teda , aby ste boli zodpovedn\u00fdm \u0161t\u00e1tnikom, nie ako utekaj\u00faci Saul.<br>\u017del\u00e1me V\u00e1m, aby ste boli od poku\u0161enia moci osloboden\u00fdm \u0161t\u00e1tnikom s m\u00e4sit\u00fdm srdcom, nie ako cynick\u00fd Rechabe\u00e1m.<br>\u017del\u00e1me V\u00e1m, aby ste boli nie m\u00e1rnomyse\u013en\u00fdm, ale tvoriv\u00fdm \u0161t\u00e1tnikom, nie ako sebastredn\u00fd Herodes.<br><br>My, kres\u0165ania, vid\u00edme tento \u0161t\u00e1tnick\u00fd ide\u00e1l naplnen\u00fd v dokonalej podobe pri na\u0161om Kr\u00e1\u013eovi, Vodcovi, P\u00e1novi a Majstrovi Je\u017ei\u0161ovi Kristovi. Ako slobodn\u00e9 \u013eudsk\u00e9 bytosti sa ka\u017ed\u00fd de\u0148 u\u010d\u00edme \u017ei\u0165 v z\u00e1vislosti na \u0147om a naopak za\u017e\u00edvame, \u017ee Jeho panovanie je to naj\u00fa\u017easnej\u0161ie, \u010do \u010dlovek m\u00f4\u017ee spozna\u0165 a za\u017ei\u0165.<br><br>On dok\u00e1\u017ee obdarova\u0165 \u010dloveka. \u010ci toho jednoduch\u00e9ho, alebo \u0161t\u00e1tnika v najvy\u0161\u0161ou \u00farade, ak\u00fdm je pre V\u00e1s oddnes \u00farad prezidentky. \u017del\u00e1me V\u00e1m obdarovanie a naplnenie od P\u00e1na Je\u017ei\u0161a Krista t\u00fdm najlep\u0161\u00edm, \u010do \u010dlovek vo Va\u0161om postaven\u00ed potrebuje. Va\u0161a Excelencia, cten\u00e1 pani prezidentka, prijmite pros\u00edm, tieto moje \u00faprimne vysloven\u00e9 slov\u00e1, prijmite na\u0161e spolo\u010dn\u00e9 pozdravy, blaho\u017eelania a \u00faprimn\u00e9 \u017eehnania, ktor\u00e9 si dovo\u013eujem vyslovi\u0165 v mene \u010dlenov Ekumenickej rady cirkv\u00ed na Slovensku a v mene Evanjelickej cirkvi augsbursk\u00e9ho vyznania na Slovensku.<\/p>\n","protected":false},"excerpt":{"rendered":"<p>Pr\u00edhovor. gen.biskupa ECAV predsede ERC v SR pri inaugur\u00e1cii novej prezidentky v D\u00f3me sv.Martina Pr\u00edhovor pri pr\u00edle\u017eitosti inaugur\u00e1cie prezidentky Pon\u00fakame v\u00e1m presn\u00e9 znenie prihovoru gener\u00e1lneho biskupa ECAV Ivana E\u013eka, ktor\u00fd predniesol pri pr\u00edle\u017eitosti inaugur\u00e1cie prezidentky v Katedr\u00e1le sv. Martina v Bratislave, 15.6.2019.&nbsp; Va\u0161a Excelencia, cten\u00e1 pani prezidentka Zuzana \u010caputov\u00e1 a Va\u0161i milovan\u00ed,v\u00e1\u017een\u00ed predstavitelia politick\u00e9ho, diplomatick\u00e9ho &#8230; <a title=\"Pr\u00edhovor pri inaugur\u00e1cii prezidentky\" class=\"read-more\" href=\"https:\/\/www.e-anjelik.sk\/index.php\/2019\/06\/21\/prihovor-pri-inauguracii-prezidentky\/\" aria-label=\"Pre\u010d\u00edtajte si viac o Pr\u00edhovor pri inaugur\u00e1cii prezidentky\">\u010c\u00edta\u0165 viac<\/a><\/p>\n","protected":false},"author":4,"featured_media":0,"comment_status":"open","ping_status":"open","sticky":false,"template":"","format":"standard","meta":{"footnotes":""},"categories":[1],"tags":[],"class_list":["post-32688","post","type-post","status-publish","format-standard","hentry","category-adventna-modlitba"],"_links":{"self":[{"href":"https:\/\/www.e-anjelik.sk\/index.php\/wp-json\/wp\/v2\/posts\/32688","targetHints":{"allow":["GET"]}}],"collection":[{"href":"https:\/\/www.e-anjelik.sk\/index.php\/wp-json\/wp\/v2\/posts"}],"about":[{"href":"https:\/\/www.e-anjelik.sk\/index.php\/wp-json\/wp\/v2\/types\/post"}],"author":[{"embeddable":true,"href":"https:\/\/www.e-anjelik.sk\/index.php\/wp-json\/wp\/v2\/users\/4"}],"replies":[{"embeddable":true,"href":"https:\/\/www.e-anjelik.sk\/index.php\/wp-json\/wp\/v2\/comments?post=32688"}],"version-history":[{"count":1,"href":"https:\/\/www.e-anjelik.sk\/index.php\/wp-json\/wp\/v2\/posts\/32688\/revisions"}],"predecessor-version":[{"id":32689,"href":"https:\/\/www.e-anjelik.sk\/index.php\/wp-json\/wp\/v2\/posts\/32688\/revisions\/32689"}],"wp:attachment":[{"href":"https:\/\/www.e-anjelik.sk\/index.php\/wp-json\/wp\/v2\/media?parent=32688"}],"wp:term":[{"taxonomy":"category","embeddable":true,"href":"https:\/\/www.e-anjelik.sk\/index.php\/wp-json\/wp\/v2\/categories?post=32688"},{"taxonomy":"post_tag","embeddable":true,"href":"https:\/\/www.e-anjelik.sk\/index.php\/wp-json\/wp\/v2\/tags?post=32688"}],"curies":[{"name":"wp","href":"https:\/\/api.w.org\/{rel}","templated":true}]}}